{"id":553,"date":"2018-12-01T15:30:00","date_gmt":"2018-12-01T17:30:00","guid":{"rendered":"http:\/\/blogdoedvaldomagalhaes.com.br\/index.php\/2018\/12\/01\/iniciada-venda-de-ingressos-para-paixao\/"},"modified":"2019-02-09T02:43:50","modified_gmt":"2019-02-09T04:43:50","slug":"iniciada-venda-de-ingressos-para-paixao","status":"publish","type":"post","link":"https:\/\/blogdoedvaldomagalhaes.com.br\/index.php\/2018\/12\/01\/iniciada-venda-de-ingressos-para-paixao\/","title":{"rendered":"Iniciada a venda de ingressos para Paix\u00e3o de Cristo 2019"},"content":{"rendered":"<div class=\"separator\" style=\"clear: both; text-align: center;\">\n<a href=\"https:\/\/4.bp.blogspot.com\/-XaJx3sru0zc\/XAKnAP5on6I\/AAAAAAAA-tw\/bcEpURhxFpAmPHhuuffZmcWybbZX3To6QCLcBGAs\/s1600\/Paix%25C3%25A3o%2Bde%2BCristo%2B2019.jpg\" imageanchor=\"1\" style=\"margin-left: 1em; margin-right: 1em;\"><img loading=\"lazy\" decoding=\"async\" border=\"0\" data-original-height=\"208\" data-original-width=\"400\" height=\"332\" src=\"http:\/\/blogdoedvaldomagalhaes.com.br\/wp-content\/uploads\/2018\/12\/PaixC3A3odeCristo2019.jpg\" width=\"640\" \/><\/a><\/div>\n<div style=\"background-color: white; box-sizing: border-box; color: #333333; font-family: &quot;Helvetica Neue&quot;, Helvetica, Arial, sans-serif; font-size: 13px; margin-bottom: 10px; text-align: justify;\">\n<\/div>\n<div style=\"background-color: white; box-sizing: border-box; margin-bottom: 10px; text-align: justify;\">\nA venda de ingressos para a temporada 2019 do Espet\u00e1culo da Paix\u00e3o de Cristo em Nova Jerusal\u00e9m, come\u00e7ou neste s\u00e1bado (1\u00ba). O maior espet\u00e1culo ao ar livre do mundo j\u00e1 reuniu 4 milh\u00f5es de pessoas ao longo de seus 51 anos de hist\u00f3ria, como mostra o v\u00eddeo abaixo.<\/div>\n<div style=\"background-color: white; box-sizing: border-box; margin-bottom: 10px; text-align: justify;\">\nEncenada em Fazenda Nova, distrito de Brejo da Madre de Deus, a pe\u00e7a conta parte da hist\u00f3ria de Jesus Cristo, tornando-se uma verdadeira tradi\u00e7\u00e3o cultural no per\u00edodo da Semana Santa, em Pernambuco.<\/div>\n<div style=\"background-color: white; box-sizing: border-box; margin-bottom: 10px; text-align: justify;\">\nAs entradas t\u00eam valores vari\u00e1veis, dependendo do dia do espet\u00e1culo. Os pre\u00e7os est\u00e3o entre R$ 100 (entrada mais barata inteira) e R$ 120,00 (m\u00e1xima inteira) e podem ser parcelados em at\u00e9 12 vezes no cart\u00e3o. Mais informa\u00e7\u00f5es podem ser acessadas no site&nbsp;<a href=\"http:\/\/www.novajerusalem.com.br\/\" style=\"background-color: transparent; box-sizing: border-box; margin: 0px 0px 10px; outline: none; padding-left: 50px; transition-duration: 0.5s;\">www.novajerusalem.com.br<\/a>.<\/div>\n<div style=\"background-color: white; box-sizing: border-box; margin-bottom: 10px; text-align: justify;\">\nConfira os valores para cada dia do espet\u00e1culo:<\/div>\n<div style=\"background-color: white; box-sizing: border-box; margin-bottom: 10px;\">\n<div style=\"text-align: justify;\">\nENTRADA INTEIRA<\/div>\n<\/div>\n<div style=\"background-color: white; box-sizing: border-box; margin-bottom: 10px;\">\n<div style=\"text-align: justify;\">\n13\/04 \u2013 S\u00e1bado \u2013 R$ 120,00<\/div>\n<div style=\"text-align: justify;\">\n14\/04 \u2013 Domingo \u2013 R$ 120,00<\/div>\n<div style=\"text-align: justify;\">\n15\/04 \u2013 Segunda \u2013 R$ 100,00<\/div>\n<div style=\"text-align: justify;\">\n16\/04 \u2013 Ter\u00e7a \u2013 R$ 100,00<\/div>\n<div style=\"text-align: justify;\">\n17\/04 \u2013 Quarta \u2013 R$ 100,00<\/div>\n<div style=\"text-align: justify;\">\n18\/04 \u2013 Quinta \u2013 R$ 120,00<\/div>\n<div style=\"text-align: justify;\">\n19\/04 \u2013 Sexta \u2013 R$120,00<\/div>\n<div style=\"text-align: justify;\">\n20\/04 \u2013 S\u00e1bado \u2013 R$ 120,00<\/div>\n<\/div>\n<div style=\"background-color: white; box-sizing: border-box; margin-bottom: 10px;\">\n<div style=\"text-align: justify;\">\nMEIA ENTRADA<\/div>\n<\/div>\n<div style=\"background-color: white; box-sizing: border-box; margin-bottom: 10px;\">\n<div style=\"text-align: justify;\">\n13\/04 \u2013 S\u00e1bado \u2013 R$ 60,00<\/div>\n<div style=\"text-align: justify;\">\n14\/04 \u2013 Domingo \u2013 R$ 60,00<\/div>\n<div style=\"text-align: justify;\">\n15\/04 \u2013 Segunda \u2013 R$ 50,00<\/div>\n<div style=\"text-align: justify;\">\n16\/04 \u2013 Ter\u00e7a \u2013 R$ 50,00<\/div>\n<div style=\"text-align: justify;\">\n17\/04 \u2013 Quarta \u2013 R$ 50,00<\/div>\n<div style=\"text-align: justify;\">\n18\/04 \u2013 Quinta \u2013 R$ 60,00<\/div>\n<div style=\"text-align: justify;\">\n19\/04 \u2013 Sexta \u2013 R$ 60,00<\/div>\n<div style=\"text-align: justify;\">\n20\/04 \u2013 S\u00e1bado \u2013 R$ 60,00<\/div>\n<\/div>\n<div style=\"background-color: white; box-sizing: border-box; margin-bottom: 10px;\">\n<div style=\"text-align: justify;\">\n<\/div>\n<\/div>\n<div class=\"separator\" style=\"clear: both; text-align: center;\">\n<\/div>\n<div style=\"background-color: white; box-sizing: border-box; color: #333333; font-family: &quot;Helvetica Neue&quot;, Helvetica, Arial, sans-serif; font-size: 13px; margin-bottom: 10px;\">\n<\/div>\n","protected":false},"excerpt":{"rendered":"<p>A venda de ingressos para a temporada 2019 do Espet\u00e1culo da Paix\u00e3o de Cristo em Nova Jerusal\u00e9m, come\u00e7ou neste s\u00e1bado&hellip;<\/p>\n","protected":false},"author":1,"featured_media":0,"comment_status":"open","ping_status":"open","sticky":false,"template":"","format":"standard","meta":{"footnotes":""},"categories":[1],"tags":[2,468,6],"class_list":["post-553","post","type-post","status-publish","format-standard","hentry","category-sem-categoria","tag-blog-do-edvaldo-magalhaes","tag-iniciada-a-venda-de-ingressos-para-paixao-de-cristo-2019","tag-noticias"],"_links":{"self":[{"href":"https:\/\/blogdoedvaldomagalhaes.com.br\/index.php\/wp-json\/wp\/v2\/posts\/553","targetHints":{"allow":["GET"]}}],"collection":[{"href":"https:\/\/blogdoedvaldomagalhaes.com.br\/index.php\/wp-json\/wp\/v2\/posts"}],"about":[{"href":"https:\/\/blogdoedvaldomagalhaes.com.br\/index.php\/wp-json\/wp\/v2\/types\/post"}],"author":[{"embeddable":true,"href":"https:\/\/blogdoedvaldomagalhaes.com.br\/index.php\/wp-json\/wp\/v2\/users\/1"}],"replies":[{"embeddable":true,"href":"https:\/\/blogdoedvaldomagalhaes.com.br\/index.php\/wp-json\/wp\/v2\/comments?post=553"}],"version-history":[{"count":1,"href":"https:\/\/blogdoedvaldomagalhaes.com.br\/index.php\/wp-json\/wp\/v2\/posts\/553\/revisions"}],"predecessor-version":[{"id":36349,"href":"https:\/\/blogdoedvaldomagalhaes.com.br\/index.php\/wp-json\/wp\/v2\/posts\/553\/revisions\/36349"}],"wp:attachment":[{"href":"https:\/\/blogdoedvaldomagalhaes.com.br\/index.php\/wp-json\/wp\/v2\/media?parent=553"}],"wp:term":[{"taxonomy":"category","embeddable":true,"href":"https:\/\/blogdoedvaldomagalhaes.com.br\/index.php\/wp-json\/wp\/v2\/categories?post=553"},{"taxonomy":"post_tag","embeddable":true,"href":"https:\/\/blogdoedvaldomagalhaes.com.br\/index.php\/wp-json\/wp\/v2\/tags?post=553"}],"curies":[{"name":"wp","href":"https:\/\/api.w.org\/{rel}","templated":true}]}}