{"id":55250,"date":"2020-05-07T21:48:26","date_gmt":"2020-05-08T00:48:26","guid":{"rendered":"http:\/\/blogdoedvaldomagalhaes.com.br\/?p=55250"},"modified":"2020-05-08T08:11:28","modified_gmt":"2020-05-08T11:11:28","slug":"morre-empresario-pernambucano-raymundo-da-fonte","status":"publish","type":"post","link":"https:\/\/blogdoedvaldomagalhaes.com.br\/index.php\/2020\/05\/07\/morre-empresario-pernambucano-raymundo-da-fonte\/","title":{"rendered":"Morre empres\u00e1rio pernambucano Raymundo da Fonte"},"content":{"rendered":"<p style=\"text-align: justify;\">Morreu nesta quinta-feira (07), no Recife, aos 99 anos, o empres\u00e1rio pernambucano Raymundo Luiz Cavalcanti da Fonte faleceu, em decorr\u00eancia de complica\u00e7\u00f5es provocadas pela Covid-19. Grande nome do meio empresarial no Nordeste, Raymundo deu in\u00edcio, em 1946, \u00e0s Ind\u00fastrias Reunidas Raymundo da Fonte. O empres\u00e1rio deixa a esposa e 8 filhos, 45 netos e mais de 80 bisnetos.<\/p>\n<p style=\"text-align: justify;\">O grupo, que \u00e9 refer\u00eancia no mercado, produz mais de 350 produtos de limpeza, higiene pessoal, condimentos e inseticidas. A empresa tem cerca de 2.700 funcion\u00e1rios, 5 f\u00e1bricas, espalhadas nos estados de Pernambuco, Bahia, Cear\u00e1, Par\u00e1 e Rio de Janeiro.<\/p>\n","protected":false},"excerpt":{"rendered":"<p>Morreu nesta quinta-feira (07), no Recife, aos 99 anos, o empres\u00e1rio pernambucano Raymundo Luiz Cavalcanti da Fonte faleceu, em decorr\u00eancia&hellip;<\/p>\n","protected":false},"author":1,"featured_media":55251,"comment_status":"open","ping_status":"open","sticky":false,"template":"","format":"standard","meta":{"footnotes":""},"categories":[14120],"tags":[2,17948,18113],"class_list":["post-55250","post","type-post","status-publish","format-standard","has-post-thumbnail","hentry","category-noticias","tag-blog-do-edvaldo-magalhaes","tag-coronavirus-2","tag-morre-empresario-pernambucano-raymundo-da-fonte"],"_links":{"self":[{"href":"https:\/\/blogdoedvaldomagalhaes.com.br\/index.php\/wp-json\/wp\/v2\/posts\/55250","targetHints":{"allow":["GET"]}}],"collection":[{"href":"https:\/\/blogdoedvaldomagalhaes.com.br\/index.php\/wp-json\/wp\/v2\/posts"}],"about":[{"href":"https:\/\/blogdoedvaldomagalhaes.com.br\/index.php\/wp-json\/wp\/v2\/types\/post"}],"author":[{"embeddable":true,"href":"https:\/\/blogdoedvaldomagalhaes.com.br\/index.php\/wp-json\/wp\/v2\/users\/1"}],"replies":[{"embeddable":true,"href":"https:\/\/blogdoedvaldomagalhaes.com.br\/index.php\/wp-json\/wp\/v2\/comments?post=55250"}],"version-history":[{"count":1,"href":"https:\/\/blogdoedvaldomagalhaes.com.br\/index.php\/wp-json\/wp\/v2\/posts\/55250\/revisions"}],"predecessor-version":[{"id":55252,"href":"https:\/\/blogdoedvaldomagalhaes.com.br\/index.php\/wp-json\/wp\/v2\/posts\/55250\/revisions\/55252"}],"wp:featuredmedia":[{"embeddable":true,"href":"https:\/\/blogdoedvaldomagalhaes.com.br\/index.php\/wp-json\/wp\/v2\/media\/55251"}],"wp:attachment":[{"href":"https:\/\/blogdoedvaldomagalhaes.com.br\/index.php\/wp-json\/wp\/v2\/media?parent=55250"}],"wp:term":[{"taxonomy":"category","embeddable":true,"href":"https:\/\/blogdoedvaldomagalhaes.com.br\/index.php\/wp-json\/wp\/v2\/categories?post=55250"},{"taxonomy":"post_tag","embeddable":true,"href":"https:\/\/blogdoedvaldomagalhaes.com.br\/index.php\/wp-json\/wp\/v2\/tags?post=55250"}],"curies":[{"name":"wp","href":"https:\/\/api.w.org\/{rel}","templated":true}]}}