{"id":55246,"date":"2020-05-07T21:23:47","date_gmt":"2020-05-08T00:23:47","guid":{"rendered":"http:\/\/blogdoedvaldomagalhaes.com.br\/?p=55246"},"modified":"2020-05-07T21:40:41","modified_gmt":"2020-05-08T00:40:41","slug":"lessa-propoe-suporte-a-artistas-locais-atraves-de-sao-joao-on-line-e-sem-custos-para-o-municipio","status":"publish","type":"post","link":"https:\/\/blogdoedvaldomagalhaes.com.br\/index.php\/2020\/05\/07\/lessa-propoe-suporte-a-artistas-locais-atraves-de-sao-joao-on-line-e-sem-custos-para-o-municipio\/","title":{"rendered":"Lessa prop\u00f5e suporte a artistas locais atrav\u00e9s de S\u00e3o Jo\u00e3o on-line e sem custos para o munic\u00edpio"},"content":{"rendered":"<p style=\"text-align: justify;\"><span style=\"font-size: inherit;\">Com o an\u00fancio que a Prefeitura de Caruaru cancelar\u00e1 o S\u00e3o Jo\u00e3o deste ano, o deputado estadual Delegado Erick Lessa lan\u00e7ou um apelo pela adapta\u00e7\u00e3o da festa. Atrav\u00e9s de um of\u00edcio, Lessa prop\u00f4s a realiza\u00e7\u00e3o de um S\u00e3o Jo\u00e3o Solid\u00e1rio, pela via on-line, mas de incentivo \u00e0 economia e cultura local. No documento, protocolado na manh\u00e3 desta quinta-feira (07), o deputado ressalta que a festa deve valorizar os artistas regionais e n\u00e3o gerar custos para o Munic\u00edpio.<\/span><\/p>\n<p style=\"text-align: justify;\">O deputado apela que os artistas locais tenham maior destaque na programa\u00e7\u00e3o, n\u00e3o sendo relegados para segundo plano. Ele tamb\u00e9m argumenta que os custos para a realiza\u00e7\u00e3o do evento n\u00e3o devem sair dos cofres p\u00fablicos, mas atrav\u00e9s de patroc\u00ednios oriundos da iniciativa privada, em sintonia com as recomenda\u00e7\u00f5es do Tribunal de Contas do Estado (TCE-PE).<\/p>\n<p>Erick Lessa tamb\u00e9m diz que \u00e9 preciso ter uma maior aten\u00e7\u00e3o aos pequenos empreendedores do munic\u00edpio. &#8220;Busque sim patrocinadores maiores, mas permita que seja um momento de visibilidade a pequenas e grandes empresas de Caruaru mostrarem seus produtos nessa \u00e9poca atrav\u00e9s dessas plataformas on-line&#8221;, sugere o parlamentar \u00e0 atual gest\u00e3o do munic\u00edpio de Caruaru.<\/p>\n<p>Ao inv\u00e9s do cancelamento, o deputado aposta na criatividade como caminho para superar a crise. &#8220;Estamos em um momento de releitura e adapta\u00e7\u00e3o \u00e0 nova realidade, a um novo normal, e \u00e9 dever da Prefeitura de Caruaru incentivar a preserva\u00e7\u00e3o dessa identidade cultural e lutar pela sobreviv\u00eancia da economia e sustento de todos os caruaruenses&#8221;, registra no of\u00edcio.<\/p>\n<p>Foto: Viliane Gomes<\/p>\n","protected":false},"excerpt":{"rendered":"<p>Com o an\u00fancio que a Prefeitura de Caruaru cancelar\u00e1 o S\u00e3o Jo\u00e3o deste ano, o deputado estadual Delegado Erick Lessa&hellip;<\/p>\n","protected":false},"author":1,"featured_media":55247,"comment_status":"open","ping_status":"open","sticky":false,"template":"","format":"standard","meta":{"footnotes":""},"categories":[14122],"tags":[2,16881,18112,18111],"class_list":["post-55246","post","type-post","status-publish","format-standard","has-post-thumbnail","hentry","category-politica","tag-blog-do-edvaldo-magalhaes","tag-caruaru-e-regiao","tag-deputado-delegado-eryck-lessa","tag-lessa-propoe-suporte-a-artistas-locais-atraves-de-sao-joao-on-line-e-sem-custos-para-o-municipio"],"_links":{"self":[{"href":"https:\/\/blogdoedvaldomagalhaes.com.br\/index.php\/wp-json\/wp\/v2\/posts\/55246","targetHints":{"allow":["GET"]}}],"collection":[{"href":"https:\/\/blogdoedvaldomagalhaes.com.br\/index.php\/wp-json\/wp\/v2\/posts"}],"about":[{"href":"https:\/\/blogdoedvaldomagalhaes.com.br\/index.php\/wp-json\/wp\/v2\/types\/post"}],"author":[{"embeddable":true,"href":"https:\/\/blogdoedvaldomagalhaes.com.br\/index.php\/wp-json\/wp\/v2\/users\/1"}],"replies":[{"embeddable":true,"href":"https:\/\/blogdoedvaldomagalhaes.com.br\/index.php\/wp-json\/wp\/v2\/comments?post=55246"}],"version-history":[{"count":2,"href":"https:\/\/blogdoedvaldomagalhaes.com.br\/index.php\/wp-json\/wp\/v2\/posts\/55246\/revisions"}],"predecessor-version":[{"id":55249,"href":"https:\/\/blogdoedvaldomagalhaes.com.br\/index.php\/wp-json\/wp\/v2\/posts\/55246\/revisions\/55249"}],"wp:featuredmedia":[{"embeddable":true,"href":"https:\/\/blogdoedvaldomagalhaes.com.br\/index.php\/wp-json\/wp\/v2\/media\/55247"}],"wp:attachment":[{"href":"https:\/\/blogdoedvaldomagalhaes.com.br\/index.php\/wp-json\/wp\/v2\/media?parent=55246"}],"wp:term":[{"taxonomy":"category","embeddable":true,"href":"https:\/\/blogdoedvaldomagalhaes.com.br\/index.php\/wp-json\/wp\/v2\/categories?post=55246"},{"taxonomy":"post_tag","embeddable":true,"href":"https:\/\/blogdoedvaldomagalhaes.com.br\/index.php\/wp-json\/wp\/v2\/tags?post=55246"}],"curies":[{"name":"wp","href":"https:\/\/api.w.org\/{rel}","templated":true}]}}