{"id":55241,"date":"2020-05-07T19:16:06","date_gmt":"2020-05-07T22:16:06","guid":{"rendered":"http:\/\/blogdoedvaldomagalhaes.com.br\/?p=55241"},"modified":"2020-05-07T20:35:22","modified_gmt":"2020-05-07T23:35:22","slug":"covid-19-secretaria-de-saude-de-caruaru-divulga-89-casos-confirmados-e-10-obitos-ate-o-momento","status":"publish","type":"post","link":"https:\/\/blogdoedvaldomagalhaes.com.br\/index.php\/2020\/05\/07\/covid-19-secretaria-de-saude-de-caruaru-divulga-89-casos-confirmados-e-10-obitos-ate-o-momento\/","title":{"rendered":"Covid-19: Secretaria de Sa\u00fade de Caruaru divulga 89 casos confirmados e 10 \u00f3bitos at\u00e9 o momento"},"content":{"rendered":"<p><span style=\"font-size: inherit;\">Boletim \u2013 07.05, \u00e0s 18h<\/span><\/p>\n<p style=\"text-align: justify;\">A Secretaria de Sa\u00fade de Caruaru informa, nesta quinta-feira (07), mais 05 casos positivos de Covid-19, inclu\u00edndo um \u00f3bito.<\/p>\n<p style=\"text-align: justify;\">Pacientes:<br>\n&#8211; 33 anos, quadro de sa\u00fade est\u00e1vel e em isolamento domiciliar;<br>\n&#8211; 36 anos, quadro de sa\u00fade est\u00e1vel, mas fazendo tratamento cl\u00ednico em hospital p\u00fablico do munic\u00edpio;<br>\n&#8211; 44 anos, quadro de sa\u00fade est\u00e1vel e em isolamento domiciliar;<br>\n&#8211; 49 anos, est\u00e1 internado na UTI de um hospital particular.<\/p>\n<p style=\"text-align: justify;\">\u00d3bito:<br>\n&#8211; 77 anos, com comorbidades.<\/p>\n<p style=\"text-align: justify;\">Caruaru conta, agora, com 89 casos confirmados de Covid-19, incluindo 10 \u00f3bitos.<\/p>\n\n\n<figure class=\"wp-block-image size-large\"><img loading=\"lazy\" decoding=\"async\" width=\"1024\" height=\"1024\" src=\"http:\/\/blogdoedvaldomagalhaes.com.br\/wp-content\/uploads\/2020\/05\/IMG-20200507-WA0185-1024x1024.jpg\" alt=\"\" class=\"wp-image-55244\" srcset=\"https:\/\/blogdoedvaldomagalhaes.com.br\/wp-content\/uploads\/2020\/05\/IMG-20200507-WA0185-1024x1024.jpg 1024w, https:\/\/blogdoedvaldomagalhaes.com.br\/wp-content\/uploads\/2020\/05\/IMG-20200507-WA0185-300x300.jpg 300w, https:\/\/blogdoedvaldomagalhaes.com.br\/wp-content\/uploads\/2020\/05\/IMG-20200507-WA0185-150x150.jpg 150w, https:\/\/blogdoedvaldomagalhaes.com.br\/wp-content\/uploads\/2020\/05\/IMG-20200507-WA0185-768x768.jpg 768w, https:\/\/blogdoedvaldomagalhaes.com.br\/wp-content\/uploads\/2020\/05\/IMG-20200507-WA0185.jpg 1280w\" sizes=\"auto, (max-width: 1024px) 100vw, 1024px\" \/><\/figure>\n","protected":false},"excerpt":{"rendered":"<p>Boletim \u2013 07.05, \u00e0s 18h A Secretaria de Sa\u00fade de Caruaru informa, nesta quinta-feira (07), mais 05 casos positivos de&hellip;<\/p>\n","protected":false},"author":1,"featured_media":55242,"comment_status":"open","ping_status":"open","sticky":false,"template":"","format":"standard","meta":{"footnotes":""},"categories":[14120],"tags":[2,17948,18110],"class_list":["post-55241","post","type-post","status-publish","format-standard","has-post-thumbnail","hentry","category-noticias","tag-blog-do-edvaldo-magalhaes","tag-coronavirus-2","tag-covid-19-secretaria-de-saude-de-caruaru-divulga-89-casos-confirmados-e-10-obitos-ate-o-momento"],"_links":{"self":[{"href":"https:\/\/blogdoedvaldomagalhaes.com.br\/index.php\/wp-json\/wp\/v2\/posts\/55241","targetHints":{"allow":["GET"]}}],"collection":[{"href":"https:\/\/blogdoedvaldomagalhaes.com.br\/index.php\/wp-json\/wp\/v2\/posts"}],"about":[{"href":"https:\/\/blogdoedvaldomagalhaes.com.br\/index.php\/wp-json\/wp\/v2\/types\/post"}],"author":[{"embeddable":true,"href":"https:\/\/blogdoedvaldomagalhaes.com.br\/index.php\/wp-json\/wp\/v2\/users\/1"}],"replies":[{"embeddable":true,"href":"https:\/\/blogdoedvaldomagalhaes.com.br\/index.php\/wp-json\/wp\/v2\/comments?post=55241"}],"version-history":[{"count":2,"href":"https:\/\/blogdoedvaldomagalhaes.com.br\/index.php\/wp-json\/wp\/v2\/posts\/55241\/revisions"}],"predecessor-version":[{"id":55245,"href":"https:\/\/blogdoedvaldomagalhaes.com.br\/index.php\/wp-json\/wp\/v2\/posts\/55241\/revisions\/55245"}],"wp:featuredmedia":[{"embeddable":true,"href":"https:\/\/blogdoedvaldomagalhaes.com.br\/index.php\/wp-json\/wp\/v2\/media\/55242"}],"wp:attachment":[{"href":"https:\/\/blogdoedvaldomagalhaes.com.br\/index.php\/wp-json\/wp\/v2\/media?parent=55241"}],"wp:term":[{"taxonomy":"category","embeddable":true,"href":"https:\/\/blogdoedvaldomagalhaes.com.br\/index.php\/wp-json\/wp\/v2\/categories?post=55241"},{"taxonomy":"post_tag","embeddable":true,"href":"https:\/\/blogdoedvaldomagalhaes.com.br\/index.php\/wp-json\/wp\/v2\/tags?post=55241"}],"curies":[{"name":"wp","href":"https:\/\/api.w.org\/{rel}","templated":true}]}}