{"id":5523,"date":"2017-06-27T19:53:00","date_gmt":"2017-06-27T22:53:00","guid":{"rendered":"http:\/\/blogdoedvaldomagalhaes.com.br\/index.php\/2017\/06\/27\/festa-do-munguza-em-caruaru-na-quinta-29\/"},"modified":"2019-02-09T01:32:59","modified_gmt":"2019-02-09T03:32:59","slug":"festa-do-munguza-em-caruaru-na-quinta-29","status":"publish","type":"post","link":"https:\/\/blogdoedvaldomagalhaes.com.br\/index.php\/2017\/06\/27\/festa-do-munguza-em-caruaru-na-quinta-29\/","title":{"rendered":"Festa do Munguz\u00e1 em Caruaru na quinta (29)"},"content":{"rendered":"<div class=\"separator\" style=\"clear: both; text-align: center;\">\n<a href=\"https:\/\/4.bp.blogspot.com\/-_H-R2aH1Ti4\/WVK29QeiNCI\/AAAAAAAAYSQ\/WHwPWKDVSscBda1_a8AaVljZEFRWIQcoQCLcBGAs\/s1600\/munguz%25C3%25A1.jpg\" imageanchor=\"1\" style=\"margin-left: 1em; margin-right: 1em;\"><img loading=\"lazy\" decoding=\"async\" border=\"0\" data-original-height=\"681\" data-original-width=\"960\" height=\"281\" src=\"http:\/\/blogdoedvaldomagalhaes.com.br\/wp-content\/uploads\/2017\/06\/munguzC3A1.jpg\" width=\"400\" \/><\/a><\/div>\n<div class=\"MsoNormal\" style=\"text-align: justify;\">\n<\/div>\n<div class=\"MsoNormal\" style=\"text-align: justify;\">\nNa pr\u00f3xima quinta-feira (29), mais uma guloseima nordestina ser\u00e1 degustada em Caruaru. A Festa do Mungunz\u00e1 ser\u00e1 realizada na<br \/>\nPra\u00e7a 14 de Julho, no centro da cidade, a partir das 12h. Os moradores esperam que<br \/>\nmilhares de pessoas participem do evento, que \u00e9 realizado h\u00e1 dezoito anos. Alexandre Santos, que \u00e9 da comiss\u00e3o organizadora, convida a todos.&nbsp;<\/p>\n<p><\/p>\n<div class=\"separator\" style=\"clear: both; text-align: center;\">\n<a href=\"http:\/\/blogdoedvaldomagalhaes.com.br\/wp-content\/uploads\/2017\/06\/6-STR-26.jpg\" imageanchor=\"1\" style=\"clear: left; float: left; margin-bottom: 1em; margin-right: 1em;\"><img decoding=\"async\" border=\"0\" data-original-height=\"100\" data-original-width=\"570\" src=\"http:\/\/blogdoedvaldomagalhaes.com.br\/wp-content\/uploads\/2017\/06\/6-STR-26.jpg\" \/><\/a><\/div>\n<p><\/div>\n","protected":false},"excerpt":{"rendered":"<p>Na pr\u00f3xima quinta-feira (29), mais uma guloseima nordestina ser\u00e1 degustada em Caruaru. A Festa do Mungunz\u00e1 ser\u00e1 realizada na Pra\u00e7a&hellip;<\/p>\n","protected":false},"author":1,"featured_media":0,"comment_status":"open","ping_status":"open","sticky":false,"template":"","format":"standard","meta":{"footnotes":""},"categories":[1],"tags":[2,3791,7368,1973,6758],"class_list":["post-5523","post","type-post","status-publish","format-standard","hentry","category-sem-categoria","tag-blog-do-edvaldo-magalhaes","tag-centro-de-caruaru","tag-festa-do-munguza-em-caruaru-na-quinta-29","tag-praca-14-de-julho","tag-sao-joao"],"_links":{"self":[{"href":"https:\/\/blogdoedvaldomagalhaes.com.br\/index.php\/wp-json\/wp\/v2\/posts\/5523","targetHints":{"allow":["GET"]}}],"collection":[{"href":"https:\/\/blogdoedvaldomagalhaes.com.br\/index.php\/wp-json\/wp\/v2\/posts"}],"about":[{"href":"https:\/\/blogdoedvaldomagalhaes.com.br\/index.php\/wp-json\/wp\/v2\/types\/post"}],"author":[{"embeddable":true,"href":"https:\/\/blogdoedvaldomagalhaes.com.br\/index.php\/wp-json\/wp\/v2\/users\/1"}],"replies":[{"embeddable":true,"href":"https:\/\/blogdoedvaldomagalhaes.com.br\/index.php\/wp-json\/wp\/v2\/comments?post=5523"}],"version-history":[{"count":1,"href":"https:\/\/blogdoedvaldomagalhaes.com.br\/index.php\/wp-json\/wp\/v2\/posts\/5523\/revisions"}],"predecessor-version":[{"id":21362,"href":"https:\/\/blogdoedvaldomagalhaes.com.br\/index.php\/wp-json\/wp\/v2\/posts\/5523\/revisions\/21362"}],"wp:attachment":[{"href":"https:\/\/blogdoedvaldomagalhaes.com.br\/index.php\/wp-json\/wp\/v2\/media?parent=5523"}],"wp:term":[{"taxonomy":"category","embeddable":true,"href":"https:\/\/blogdoedvaldomagalhaes.com.br\/index.php\/wp-json\/wp\/v2\/categories?post=5523"},{"taxonomy":"post_tag","embeddable":true,"href":"https:\/\/blogdoedvaldomagalhaes.com.br\/index.php\/wp-json\/wp\/v2\/tags?post=5523"}],"curies":[{"name":"wp","href":"https:\/\/api.w.org\/{rel}","templated":true}]}}