{"id":55205,"date":"2020-05-06T18:55:42","date_gmt":"2020-05-06T21:55:42","guid":{"rendered":"http:\/\/blogdoedvaldomagalhaes.com.br\/?p=55205"},"modified":"2020-05-06T19:00:26","modified_gmt":"2020-05-06T22:00:26","slug":"covid-19mais-4-altas-no-hospital-mestre-vitalino-para-isolamento-domiciliar","status":"publish","type":"post","link":"https:\/\/blogdoedvaldomagalhaes.com.br\/index.php\/2020\/05\/06\/covid-19mais-4-altas-no-hospital-mestre-vitalino-para-isolamento-domiciliar\/","title":{"rendered":"Covid-19: Mais 4 altas no Hospital Mestre Vitalino para isolamento domiciliar"},"content":{"rendered":"<p style=\"text-align: justify;\">Boletim do Hospital Mestre Vitalino 06\/05\/2020<\/p>\n<p style=\"text-align: justify;\">O Hospital Mestre Vitalino registrou mais *2 (dois)* pacientes *POSITIVOS* para o novo coronav\u00edrus (Covid \u2013 19), totalizando at\u00e9 o momento *48 (quarenta e oito)* pacientes com casos confirmados.<\/p>\n<p style=\"text-align: justify;\">\u2022 10 (dez) \u00f3bitos \u2013 quatro pacientes de Vit\u00f3ria de Santo Ant\u00e3o (37 anos, 49 anos, 42 anos e 53 anos), S\u00e3o Louren\u00e7o da Mata (58 anos), Cust\u00f3dia (55 anos), Arcoverde (35 anos), S\u00e3o Caetano (79 anos), Flores (82 anos), Sair\u00e9 (43 anos);<\/p>\n<p style=\"text-align: justify;\">\u2022 03 (tr\u00eas) foram transferidos para uma unidade de sa\u00fade privada em Recife;<\/p>\n<p style=\"text-align: justify;\">\u2022 19 (dezenove) receberam alta para isolamento domiciliar;<\/p>\n<p style=\"text-align: justify;\">\u2022 04 (quatro) deles est\u00e3o internados na Cl\u00ednica de Isolamento do HMV, das cidades de Caruaru (72 anos), Recife (70 anos), S\u00e3o Jos\u00e9 do Egito (78 anos) e Iguaraci (62 anos);<\/p>\n<p style=\"text-align: justify;\">\u2022 12 (doze) deles est\u00e3o internados na Unidade de Terapia Intensiva do HMV, das cidades de Jo\u00e3o Alfredo (44 anos), Bonito (37 anos), Ch\u00e3 de Alegria (23 anos), Vit\u00f3ria de Santo Ant\u00e3o (55 anos), Recife (78 anos), Cust\u00f3dia (42 anos), Vic\u00eancia (54 anos), Santa Maria do Cambuc\u00e1 (64 anos), Pesqueira (72 anos), Lagoa do Carro (43 anos), Bonito (68 anos), Caruaru (74 anos).<\/p>\n","protected":false},"excerpt":{"rendered":"<p>Boletim do Hospital Mestre Vitalino 06\/05\/2020 O Hospital Mestre Vitalino registrou mais *2 (dois)* pacientes *POSITIVOS* para o novo coronav\u00edrus&hellip;<\/p>\n","protected":false},"author":1,"featured_media":55203,"comment_status":"open","ping_status":"open","sticky":false,"template":"","format":"standard","meta":{"footnotes":""},"categories":[14120],"tags":[2,17948,18101],"class_list":["post-55205","post","type-post","status-publish","format-standard","has-post-thumbnail","hentry","category-noticias","tag-blog-do-edvaldo-magalhaes","tag-coronavirus-2","tag-covid-19mais-4-altas-no-hospital-mestre-vitalino-para-isolamento-domiciliar"],"_links":{"self":[{"href":"https:\/\/blogdoedvaldomagalhaes.com.br\/index.php\/wp-json\/wp\/v2\/posts\/55205","targetHints":{"allow":["GET"]}}],"collection":[{"href":"https:\/\/blogdoedvaldomagalhaes.com.br\/index.php\/wp-json\/wp\/v2\/posts"}],"about":[{"href":"https:\/\/blogdoedvaldomagalhaes.com.br\/index.php\/wp-json\/wp\/v2\/types\/post"}],"author":[{"embeddable":true,"href":"https:\/\/blogdoedvaldomagalhaes.com.br\/index.php\/wp-json\/wp\/v2\/users\/1"}],"replies":[{"embeddable":true,"href":"https:\/\/blogdoedvaldomagalhaes.com.br\/index.php\/wp-json\/wp\/v2\/comments?post=55205"}],"version-history":[{"count":2,"href":"https:\/\/blogdoedvaldomagalhaes.com.br\/index.php\/wp-json\/wp\/v2\/posts\/55205\/revisions"}],"predecessor-version":[{"id":55207,"href":"https:\/\/blogdoedvaldomagalhaes.com.br\/index.php\/wp-json\/wp\/v2\/posts\/55205\/revisions\/55207"}],"wp:featuredmedia":[{"embeddable":true,"href":"https:\/\/blogdoedvaldomagalhaes.com.br\/index.php\/wp-json\/wp\/v2\/media\/55203"}],"wp:attachment":[{"href":"https:\/\/blogdoedvaldomagalhaes.com.br\/index.php\/wp-json\/wp\/v2\/media?parent=55205"}],"wp:term":[{"taxonomy":"category","embeddable":true,"href":"https:\/\/blogdoedvaldomagalhaes.com.br\/index.php\/wp-json\/wp\/v2\/categories?post=55205"},{"taxonomy":"post_tag","embeddable":true,"href":"https:\/\/blogdoedvaldomagalhaes.com.br\/index.php\/wp-json\/wp\/v2\/tags?post=55205"}],"curies":[{"name":"wp","href":"https:\/\/api.w.org\/{rel}","templated":true}]}}