{"id":55198,"date":"2020-05-06T18:11:44","date_gmt":"2020-05-06T21:11:44","guid":{"rendered":"http:\/\/blogdoedvaldomagalhaes.com.br\/?p=55198"},"modified":"2020-05-06T19:05:38","modified_gmt":"2020-05-06T22:05:38","slug":"covid-19-comentarista-maciel-junior-sai-de-coma-induzido-mas-segue-na-uti","status":"publish","type":"post","link":"https:\/\/blogdoedvaldomagalhaes.com.br\/index.php\/2020\/05\/06\/covid-19-comentarista-maciel-junior-sai-de-coma-induzido-mas-segue-na-uti\/","title":{"rendered":"Covid-19: Comentarista Maciel J\u00fanior sai de coma induzido, mas segue na UTI"},"content":{"rendered":"<p style=\"text-align: justify;\">BOLETIM 06\/05\/2020<\/p>\n<p style=\"text-align: justify;\">Depois de 11 dias em coma induzido, contando com incans\u00e1vel trabalho da equipe m\u00e9dica e apresentando MELHORA progressiva do padr\u00e3o respirat\u00f3rio, hoje (06), Maciel Jr foi EXTUBADO com sucesso. Ele est\u00e1 CONSCIENTE, sem seda\u00e7\u00e3o e trabalhando intensivamente com a fisioterapia.<\/p>\n<p style=\"text-align: justify;\">Continuar\u00e1 internado na UTI e as pr\u00f3ximas 24h ser\u00e3o important\u00edssimas para manuten\u00e7\u00e3o do padr\u00e3o respirat\u00f3rio, para que n\u00e3o seja necess\u00e1rio que volte a respirar com ajuda de aparelhos.<br \/>\n_________________________<\/p>\n<p style=\"text-align: justify;\">Deus \u00e9 maravilhoso. Vamos continuar em ora\u00e7\u00e3o! Maciel \u00e9 um GUERREIRO! Muito obrigado. A luta continua. \ud83d\ude4f\ud83c\udffb<\/p>\n<p>Foto: Heudes R\u00e9gis\/JC Imagens<\/p>\n","protected":false},"excerpt":{"rendered":"<p>BOLETIM 06\/05\/2020 Depois de 11 dias em coma induzido, contando com incans\u00e1vel trabalho da equipe m\u00e9dica e apresentando MELHORA progressiva&hellip;<\/p>\n","protected":false},"author":1,"featured_media":55199,"comment_status":"open","ping_status":"open","sticky":false,"template":"","format":"standard","meta":{"footnotes":""},"categories":[14120],"tags":[2,16881,17948,18097,18098],"class_list":["post-55198","post","type-post","status-publish","format-standard","has-post-thumbnail","hentry","category-noticias","tag-blog-do-edvaldo-magalhaes","tag-caruaru-e-regiao","tag-coronavirus-2","tag-covid-19-comentarista-maciel-junior-sai-de-coma-induzido","tag-mas-segue-na-uti"],"_links":{"self":[{"href":"https:\/\/blogdoedvaldomagalhaes.com.br\/index.php\/wp-json\/wp\/v2\/posts\/55198","targetHints":{"allow":["GET"]}}],"collection":[{"href":"https:\/\/blogdoedvaldomagalhaes.com.br\/index.php\/wp-json\/wp\/v2\/posts"}],"about":[{"href":"https:\/\/blogdoedvaldomagalhaes.com.br\/index.php\/wp-json\/wp\/v2\/types\/post"}],"author":[{"embeddable":true,"href":"https:\/\/blogdoedvaldomagalhaes.com.br\/index.php\/wp-json\/wp\/v2\/users\/1"}],"replies":[{"embeddable":true,"href":"https:\/\/blogdoedvaldomagalhaes.com.br\/index.php\/wp-json\/wp\/v2\/comments?post=55198"}],"version-history":[{"count":1,"href":"https:\/\/blogdoedvaldomagalhaes.com.br\/index.php\/wp-json\/wp\/v2\/posts\/55198\/revisions"}],"predecessor-version":[{"id":55200,"href":"https:\/\/blogdoedvaldomagalhaes.com.br\/index.php\/wp-json\/wp\/v2\/posts\/55198\/revisions\/55200"}],"wp:featuredmedia":[{"embeddable":true,"href":"https:\/\/blogdoedvaldomagalhaes.com.br\/index.php\/wp-json\/wp\/v2\/media\/55199"}],"wp:attachment":[{"href":"https:\/\/blogdoedvaldomagalhaes.com.br\/index.php\/wp-json\/wp\/v2\/media?parent=55198"}],"wp:term":[{"taxonomy":"category","embeddable":true,"href":"https:\/\/blogdoedvaldomagalhaes.com.br\/index.php\/wp-json\/wp\/v2\/categories?post=55198"},{"taxonomy":"post_tag","embeddable":true,"href":"https:\/\/blogdoedvaldomagalhaes.com.br\/index.php\/wp-json\/wp\/v2\/tags?post=55198"}],"curies":[{"name":"wp","href":"https:\/\/api.w.org\/{rel}","templated":true}]}}