{"id":55195,"date":"2020-05-06T14:08:32","date_gmt":"2020-05-06T17:08:32","guid":{"rendered":"http:\/\/blogdoedvaldomagalhaes.com.br\/?p=55195"},"modified":"2020-05-06T14:17:35","modified_gmt":"2020-05-06T17:17:35","slug":"pernambuco-tem-1-370-pacientes-recuperados-de-covid-19-ate-esta-quarta-6","status":"publish","type":"post","link":"https:\/\/blogdoedvaldomagalhaes.com.br\/index.php\/2020\/05\/06\/pernambuco-tem-1-370-pacientes-recuperados-de-covid-19-ate-esta-quarta-6\/","title":{"rendered":"Pernambuco tem 1.370 pacientes recuperados de Covid-19 at\u00e9 esta quarta (6)"},"content":{"rendered":"<p style=\"text-align: justify;\">Pernambuco confirmou, nesta quarta-feira (06.05), 556 casos novos da Covid-19, sendo 232 casos que se enquadram como S\u00edndrome Respirat\u00f3ria Aguda Grave (Srag), al\u00e9m de outros 324 casos leves. Agora, o Estado totaliza 9.881 casos confirmados, 5.973 graves e 3.908 leves.<\/p>\n<p style=\"text-align: justify;\">Tamb\u00e9m foram confirmados laboratorialmente 54 \u00f3bitos. Com isso, o Estado totaliza 803 mortes pela Covid-19. O informe tamb\u00e9m confirma que 1.370 pessoas j\u00e1 est\u00e3o recuperadas da Covid-19. Os detalhes epidemiol\u00f3gicos ser\u00e3o repassados ao longo dia pela Secretaria Estadual de Sa\u00fade.<\/p>\n<p>Foto: Reprodu\u00e7\u00e3o\/Instagram.<\/p>\n","protected":false},"excerpt":{"rendered":"<p>Pernambuco confirmou, nesta quarta-feira (06.05), 556 casos novos da Covid-19, sendo 232 casos que se enquadram como S\u00edndrome Respirat\u00f3ria Aguda&hellip;<\/p>\n","protected":false},"author":1,"featured_media":55196,"comment_status":"open","ping_status":"open","sticky":false,"template":"","format":"standard","meta":{"footnotes":""},"categories":[14120],"tags":[2,17948,18096],"class_list":["post-55195","post","type-post","status-publish","format-standard","has-post-thumbnail","hentry","category-noticias","tag-blog-do-edvaldo-magalhaes","tag-coronavirus-2","tag-pernambuco-tem-1-370-pacientes-recuperados-de-covid-19-ate-esta-quarta-6"],"_links":{"self":[{"href":"https:\/\/blogdoedvaldomagalhaes.com.br\/index.php\/wp-json\/wp\/v2\/posts\/55195","targetHints":{"allow":["GET"]}}],"collection":[{"href":"https:\/\/blogdoedvaldomagalhaes.com.br\/index.php\/wp-json\/wp\/v2\/posts"}],"about":[{"href":"https:\/\/blogdoedvaldomagalhaes.com.br\/index.php\/wp-json\/wp\/v2\/types\/post"}],"author":[{"embeddable":true,"href":"https:\/\/blogdoedvaldomagalhaes.com.br\/index.php\/wp-json\/wp\/v2\/users\/1"}],"replies":[{"embeddable":true,"href":"https:\/\/blogdoedvaldomagalhaes.com.br\/index.php\/wp-json\/wp\/v2\/comments?post=55195"}],"version-history":[{"count":1,"href":"https:\/\/blogdoedvaldomagalhaes.com.br\/index.php\/wp-json\/wp\/v2\/posts\/55195\/revisions"}],"predecessor-version":[{"id":55197,"href":"https:\/\/blogdoedvaldomagalhaes.com.br\/index.php\/wp-json\/wp\/v2\/posts\/55195\/revisions\/55197"}],"wp:featuredmedia":[{"embeddable":true,"href":"https:\/\/blogdoedvaldomagalhaes.com.br\/index.php\/wp-json\/wp\/v2\/media\/55196"}],"wp:attachment":[{"href":"https:\/\/blogdoedvaldomagalhaes.com.br\/index.php\/wp-json\/wp\/v2\/media?parent=55195"}],"wp:term":[{"taxonomy":"category","embeddable":true,"href":"https:\/\/blogdoedvaldomagalhaes.com.br\/index.php\/wp-json\/wp\/v2\/categories?post=55195"},{"taxonomy":"post_tag","embeddable":true,"href":"https:\/\/blogdoedvaldomagalhaes.com.br\/index.php\/wp-json\/wp\/v2\/tags?post=55195"}],"curies":[{"name":"wp","href":"https:\/\/api.w.org\/{rel}","templated":true}]}}