{"id":55188,"date":"2020-05-06T10:27:44","date_gmt":"2020-05-06T13:27:44","guid":{"rendered":"http:\/\/blogdoedvaldomagalhaes.com.br\/?p=55188"},"modified":"2020-05-06T10:27:50","modified_gmt":"2020-05-06T13:27:50","slug":"perseguicao-e-troca-de-tiros-em-caruaru-com-um-suspeito-baleado-e-um-menor-apreendido","status":"publish","type":"post","link":"https:\/\/blogdoedvaldomagalhaes.com.br\/index.php\/2020\/05\/06\/perseguicao-e-troca-de-tiros-em-caruaru-com-um-suspeito-baleado-e-um-menor-apreendido\/","title":{"rendered":"Persegui\u00e7\u00e3o e troca de tiros em Caruaru com um suspeito baleado e um menor apreendido"},"content":{"rendered":"<p style=\"text-align: justify;\">Uma troca de tiros durante persegui\u00e7\u00e3o terminou com um suspeito baleado na tarde desta ter\u00e7a-feira (05), na via local da BR-232, bairro Agamenon Magalh\u00e3es. Tr\u00eas suspeitos estavam em um ve\u00edculo Fiat roubado. V\u00e1rios tiros atingiram a viatura da pol\u00edcia.<\/p>\n<p style=\"text-align: justify;\">Na troca de tiros com policiais do 1\u00ba BIEsp, Lucas Guilherme Farias Vasconcelos, 20 anos, residente no bairro S\u00e3o Francisco, foi baleado e socorrido para o Hospital Regional do Agreste (HRA). Um menor de 17 anos foi apreendido e Leandro Nascimento Silva, 32 anos, residente no bairro Pinheir\u00f3polis, conseguiu fugir.<\/p>\n<p>Por Helenivaldo Pereira.<\/p>\n","protected":false},"excerpt":{"rendered":"<p>Uma troca de tiros durante persegui\u00e7\u00e3o terminou com um suspeito baleado na tarde desta ter\u00e7a-feira (05), na via local da&hellip;<\/p>\n","protected":false},"author":1,"featured_media":55189,"comment_status":"open","ping_status":"open","sticky":false,"template":"","format":"standard","meta":{"footnotes":""},"categories":[14121],"tags":[16881,18094],"class_list":["post-55188","post","type-post","status-publish","format-standard","has-post-thumbnail","hentry","category-policial","tag-caruaru-e-regiao","tag-perseguicao-e-troca-de-tiros-em-caruaru-com-um-suspeito-baleado-e-um-menor-apreendido"],"_links":{"self":[{"href":"https:\/\/blogdoedvaldomagalhaes.com.br\/index.php\/wp-json\/wp\/v2\/posts\/55188","targetHints":{"allow":["GET"]}}],"collection":[{"href":"https:\/\/blogdoedvaldomagalhaes.com.br\/index.php\/wp-json\/wp\/v2\/posts"}],"about":[{"href":"https:\/\/blogdoedvaldomagalhaes.com.br\/index.php\/wp-json\/wp\/v2\/types\/post"}],"author":[{"embeddable":true,"href":"https:\/\/blogdoedvaldomagalhaes.com.br\/index.php\/wp-json\/wp\/v2\/users\/1"}],"replies":[{"embeddable":true,"href":"https:\/\/blogdoedvaldomagalhaes.com.br\/index.php\/wp-json\/wp\/v2\/comments?post=55188"}],"version-history":[{"count":1,"href":"https:\/\/blogdoedvaldomagalhaes.com.br\/index.php\/wp-json\/wp\/v2\/posts\/55188\/revisions"}],"predecessor-version":[{"id":55190,"href":"https:\/\/blogdoedvaldomagalhaes.com.br\/index.php\/wp-json\/wp\/v2\/posts\/55188\/revisions\/55190"}],"wp:featuredmedia":[{"embeddable":true,"href":"https:\/\/blogdoedvaldomagalhaes.com.br\/index.php\/wp-json\/wp\/v2\/media\/55189"}],"wp:attachment":[{"href":"https:\/\/blogdoedvaldomagalhaes.com.br\/index.php\/wp-json\/wp\/v2\/media?parent=55188"}],"wp:term":[{"taxonomy":"category","embeddable":true,"href":"https:\/\/blogdoedvaldomagalhaes.com.br\/index.php\/wp-json\/wp\/v2\/categories?post=55188"},{"taxonomy":"post_tag","embeddable":true,"href":"https:\/\/blogdoedvaldomagalhaes.com.br\/index.php\/wp-json\/wp\/v2\/tags?post=55188"}],"curies":[{"name":"wp","href":"https:\/\/api.w.org\/{rel}","templated":true}]}}