{"id":5517,"date":"2017-06-28T12:24:00","date_gmt":"2017-06-28T15:24:00","guid":{"rendered":"http:\/\/blogdoedvaldomagalhaes.com.br\/index.php\/2017\/06\/28\/caruaru-sedia-intervencao-cultura\/"},"modified":"2019-02-09T01:33:03","modified_gmt":"2019-02-09T03:33:03","slug":"caruaru-sedia-intervencao-cultura","status":"publish","type":"post","link":"https:\/\/blogdoedvaldomagalhaes.com.br\/index.php\/2017\/06\/28\/caruaru-sedia-intervencao-cultura\/","title":{"rendered":"Caruaru sedia Interven\u00e7\u00e3o Cultural LGBTI nos festejos juninos do munic\u00edpio"},"content":{"rendered":"<div class=\"separator\" style=\"clear: both; text-align: center;\">\n<a href=\"https:\/\/2.bp.blogspot.com\/-G0rMHFSZbEg\/WVOfvPQHiDI\/AAAAAAAAYWM\/GyRFffkBORs1Bx45JqdA6DHZgzDszEewgCLcBGAs\/s1600\/prefetura.jpg\" imageanchor=\"1\" style=\"margin-left: 1em; margin-right: 1em;\"><img loading=\"lazy\" decoding=\"async\" border=\"0\" data-original-height=\"1280\" data-original-width=\"1280\" height=\"400\" src=\"http:\/\/blogdoedvaldomagalhaes.com.br\/wp-content\/uploads\/2017\/06\/prefetura.jpg\" width=\"400\" \/><\/a><\/div>\n<div class=\"MsoNormal\" style=\"text-align: justify;\">\n<\/div>\n<div class=\"MsoNormal\" style=\"text-align: justify;\">\nA programa\u00e7\u00e3o contempla<br \/>\napresenta\u00e7\u00f5es culturais com poetas, drags queens, DJ\u2019s e trio de forr\u00f3 de<br \/>\np\u00e9-de-serra. Uma quadrilha junina da diversidade ser\u00e1 feita, de improviso, com<br \/>\no p\u00fablico presente.<\/div>\n<div class=\"MsoNormal\" style=\"text-align: justify;\">\n<\/div>\n<div class=\"MsoNormal\" style=\"text-align: justify;\">\nO evento \u2018Interven\u00e7\u00e3o<br \/>\nCultural LGBTI no S\u00e3o Jo\u00e3o de Caruaru\u2019, que seria realizado em dois dias nos<br \/>\nfestejos juninos do munic\u00edpio, teve as atividades concentradas nesta quarta<br \/>\n(28), quando se celebra, de fato, o Dia Internacional do Orgulho LGBT. As atividades<br \/>\nculturais ir\u00e3o acontecer na Rua Silvino Macedo, das 21h \u00e0s 0h, e conta, entre<br \/>\noutra a\u00e7\u00f5es, com panfletagem de cordel alusivo ao combate \u00e0 LGBTIfobia, com<br \/>\ntexto de Herlon Cavalcante, que ser\u00e1 feita tamb\u00e9m na Esta\u00e7\u00e3o Ferrovi\u00e1ria, a<br \/>\npartir das 19h30. Al\u00e9m disso, na Silvino Macedo est\u00e3o previstas apresenta\u00e7\u00f5es<br \/>\nculturais com poetas, drags queens, DJ\u2019s e um trio de forr\u00f3 de p\u00e9-de-serra que<br \/>\nir\u00e1 animar a quadrilha da diversidade, que ser\u00e1 formada de forma improvisada no<br \/>\nlocal.<\/div>\n<div class=\"MsoNormal\" style=\"text-align: justify;\">\n<\/div>\n<div class=\"MsoNormal\" style=\"text-align: justify;\">\nO Dia Internacional do<br \/>\nOrgulho LGBT (l\u00e9sbicas, gays, bissexuais, transexuais, transg\u00eaneros e<br \/>\ntravestis) \u00e9 celebrado por muitos movimentos espalhados por diversas cidades<br \/>\nbrasileiras, que se organizam para sair \u00e0s ruas em reivindica\u00e7\u00e3o \u00e0 cidadania e<br \/>\naos direitos pela luta contra a homofobia. Recentemente a sigla foi acrescida<br \/>\nde um \u201cI\u201d, que significa Intersexos (pessoas que possuem varia\u00e7\u00f5es nos<br \/>\ncromossomos ou \u00f3rg\u00e3os genitais que dificultam a identifica\u00e7\u00e3o de um g\u00eanero) e<br \/>\nos movimentos militantes de Caruaru adoraram a nomenclatura. No munic\u00edpio, o<br \/>\nevento conta com apoio da Prefeitura de Caruaru, atrav\u00e9s das Secretarias de<br \/>\nDesenvolvimento Social e Direitos Humanos e de Pol\u00edticas para Mulheres, junto<br \/>\ncom a Funda\u00e7\u00e3o de Cultura e Turismo.<\/div>\n<p><\/p>\n<div class=\"MsoNormal\" style=\"text-align: justify;\">\nEst\u00e3o envolvidos na<br \/>\norganiza\u00e7\u00e3o, os movimentos Rede Homossexual de Caruaru (RHC), Lutas e Cores,<br \/>\nUni\u00e3o da Juventude Socialista (UJS), Associa\u00e7\u00e3o de Travestis e Transexuais de<br \/>\nCaruaru (ATRACA) e Circuito Universit\u00e1rio de Cultura e Arte da Uni\u00e3o Nacional<br \/>\ndos Estudantes em Caruaru (CUCA).<\/p>\n<div class=\"separator\" style=\"clear: both; text-align: center;\">\n<a href=\"http:\/\/blogdoedvaldomagalhaes.com.br\/wp-content\/uploads\/2017\/06\/5-Saga-26.jpg\" imageanchor=\"1\" style=\"clear: left; float: left; margin-bottom: 1em; margin-right: 1em;\"><img decoding=\"async\" border=\"0\" data-original-height=\"100\" data-original-width=\"570\" src=\"http:\/\/blogdoedvaldomagalhaes.com.br\/wp-content\/uploads\/2017\/06\/5-Saga-26.jpg\" \/><\/a><\/div>\n<p><\/div>\n","protected":false},"excerpt":{"rendered":"<p>A programa\u00e7\u00e3o contempla apresenta\u00e7\u00f5es culturais com poetas, drags queens, DJ\u2019s e trio de forr\u00f3 de p\u00e9-de-serra. Uma quadrilha junina da&hellip;<\/p>\n","protected":false},"author":1,"featured_media":0,"comment_status":"open","ping_status":"open","sticky":false,"template":"","format":"standard","meta":{"footnotes":""},"categories":[1],"tags":[2,7361,6758],"class_list":["post-5517","post","type-post","status-publish","format-standard","hentry","category-sem-categoria","tag-blog-do-edvaldo-magalhaes","tag-caruaru-sedia-intervencao-cultural-lgbti-nos-festejos-juninos-do-municipio","tag-sao-joao"],"_links":{"self":[{"href":"https:\/\/blogdoedvaldomagalhaes.com.br\/index.php\/wp-json\/wp\/v2\/posts\/5517","targetHints":{"allow":["GET"]}}],"collection":[{"href":"https:\/\/blogdoedvaldomagalhaes.com.br\/index.php\/wp-json\/wp\/v2\/posts"}],"about":[{"href":"https:\/\/blogdoedvaldomagalhaes.com.br\/index.php\/wp-json\/wp\/v2\/types\/post"}],"author":[{"embeddable":true,"href":"https:\/\/blogdoedvaldomagalhaes.com.br\/index.php\/wp-json\/wp\/v2\/users\/1"}],"replies":[{"embeddable":true,"href":"https:\/\/blogdoedvaldomagalhaes.com.br\/index.php\/wp-json\/wp\/v2\/comments?post=5517"}],"version-history":[{"count":1,"href":"https:\/\/blogdoedvaldomagalhaes.com.br\/index.php\/wp-json\/wp\/v2\/posts\/5517\/revisions"}],"predecessor-version":[{"id":21380,"href":"https:\/\/blogdoedvaldomagalhaes.com.br\/index.php\/wp-json\/wp\/v2\/posts\/5517\/revisions\/21380"}],"wp:attachment":[{"href":"https:\/\/blogdoedvaldomagalhaes.com.br\/index.php\/wp-json\/wp\/v2\/media?parent=5517"}],"wp:term":[{"taxonomy":"category","embeddable":true,"href":"https:\/\/blogdoedvaldomagalhaes.com.br\/index.php\/wp-json\/wp\/v2\/categories?post=5517"},{"taxonomy":"post_tag","embeddable":true,"href":"https:\/\/blogdoedvaldomagalhaes.com.br\/index.php\/wp-json\/wp\/v2\/tags?post=5517"}],"curies":[{"name":"wp","href":"https:\/\/api.w.org\/{rel}","templated":true}]}}