{"id":551,"date":"2018-12-01T17:45:00","date_gmt":"2018-12-01T19:45:00","guid":{"rendered":"http:\/\/blogdoedvaldomagalhaes.com.br\/index.php\/2018\/12\/01\/pedreiro-morre-ao-cair-de-laje-em-santa\/"},"modified":"2019-02-09T02:43:51","modified_gmt":"2019-02-09T04:43:51","slug":"pedreiro-morre-ao-cair-de-laje-em-santa","status":"publish","type":"post","link":"https:\/\/blogdoedvaldomagalhaes.com.br\/index.php\/2018\/12\/01\/pedreiro-morre-ao-cair-de-laje-em-santa\/","title":{"rendered":"Pedreiro morre ao cair de laje em Santa Cruz do Capibaribe"},"content":{"rendered":"<div class=\"separator\" style=\"clear: both; text-align: center;\">\n<\/div>\n<div class=\"separator\" style=\"clear: both; text-align: center;\">\n<a href=\"https:\/\/1.bp.blogspot.com\/-C-osxMSku5Y\/XAML0UWaOgI\/AAAAAAAA-vE\/dYhNpthXnkgY1SGAmnmIfj0dP3YPKFvuACLcBGAs\/s1600\/FB_IMG_1543703258051.jpg\" imageanchor=\"1\" style=\"margin-left: 1em; margin-right: 1em;\"><img loading=\"lazy\" decoding=\"async\" border=\"0\" data-original-height=\"300\" data-original-width=\"351\" height=\"547\" src=\"http:\/\/blogdoedvaldomagalhaes.com.br\/wp-content\/uploads\/2018\/12\/FB_IMG_1543703258051.jpg\" width=\"640\" \/><\/a><\/div>\n<div style=\"text-align: justify;\">\n<\/div>\n<div style=\"text-align: justify;\">\nNa manh\u00e3 deste s\u00e1bado (01), um pedreiro que trabalhava em uma obra no Loteamento Vivendas, em Santa Cruz do Capibaribe, Agreste de Pernambuco, morreu ap\u00f3s cair de uma laje em constru\u00e7\u00e3o. A v\u00edtima teria sofrido o acidente de trabalho ap\u00f3s uma viga se soltar do teto.<\/div>\n<div style=\"text-align: justify;\">\n<\/div>\n<div style=\"text-align: justify;\">\nA Pol\u00edcia Militar esteve no local e realizou os procedimentos de levantamento cadav\u00e9rico, identificando a v\u00edtima como sendo Lourinaldo Marques da Silva, este residente no bairro Dona Lica. O caso ainda ser\u00e1 mais amplamente investigado para que se chegue a uma conclus\u00e3o se houve ou n\u00e3o irresponsabilidade por parte da equipe de seguran\u00e7a no trabalho.<\/p>\n<\/div>\n<div style=\"text-align: justify;\">\n<div class=\"separator\" style=\"clear: both; text-align: center;\">\n<a href=\"https:\/\/2.bp.blogspot.com\/-Uow6xt3sUt0\/XAMMKW6Sm-I\/AAAAAAAA-vQ\/yZ89ra4nP_85CChildtJ2e107etHfQlewCLcBGAs\/s1600\/FB_IMG_1543703268442.jpg\" imageanchor=\"1\" style=\"margin-left: 1em; margin-right: 1em;\"><img loading=\"lazy\" decoding=\"async\" border=\"0\" data-original-height=\"350\" data-original-width=\"277\" height=\"640\" src=\"http:\/\/blogdoedvaldomagalhaes.com.br\/wp-content\/uploads\/2018\/12\/FB_IMG_1543703268442.jpg\" width=\"506\" \/><\/a><\/div>\n<p><\/div>\n<div style=\"text-align: justify;\">\nO corpo do pedreiro foi encaminhado ao Instituto de Medicina Legal (IML), em Caruaru. A construtora que contratou o pedreiro n\u00e3o foi localizada pela nossa equipe de reportagem.<\/div>\n<div style=\"text-align: justify;\">\n<\/div>\n<div style=\"text-align: justify;\">\nDo Blog do Bruno Muniz.<\/div>\n<div style=\"text-align: justify;\">\n<\/div>\n","protected":false},"excerpt":{"rendered":"<p>Na manh\u00e3 deste s\u00e1bado (01), um pedreiro que trabalhava em uma obra no Loteamento Vivendas, em Santa Cruz do Capibaribe,&hellip;<\/p>\n","protected":false},"author":1,"featured_media":0,"comment_status":"open","ping_status":"open","sticky":false,"template":"","format":"standard","meta":{"footnotes":""},"categories":[1],"tags":[2,6,466],"class_list":["post-551","post","type-post","status-publish","format-standard","hentry","category-sem-categoria","tag-blog-do-edvaldo-magalhaes","tag-noticias","tag-pedreiro-morre-ao-cair-de-laje-em-santa-cruz-do-capibaribe"],"_links":{"self":[{"href":"https:\/\/blogdoedvaldomagalhaes.com.br\/index.php\/wp-json\/wp\/v2\/posts\/551","targetHints":{"allow":["GET"]}}],"collection":[{"href":"https:\/\/blogdoedvaldomagalhaes.com.br\/index.php\/wp-json\/wp\/v2\/posts"}],"about":[{"href":"https:\/\/blogdoedvaldomagalhaes.com.br\/index.php\/wp-json\/wp\/v2\/types\/post"}],"author":[{"embeddable":true,"href":"https:\/\/blogdoedvaldomagalhaes.com.br\/index.php\/wp-json\/wp\/v2\/users\/1"}],"replies":[{"embeddable":true,"href":"https:\/\/blogdoedvaldomagalhaes.com.br\/index.php\/wp-json\/wp\/v2\/comments?post=551"}],"version-history":[{"count":1,"href":"https:\/\/blogdoedvaldomagalhaes.com.br\/index.php\/wp-json\/wp\/v2\/posts\/551\/revisions"}],"predecessor-version":[{"id":36354,"href":"https:\/\/blogdoedvaldomagalhaes.com.br\/index.php\/wp-json\/wp\/v2\/posts\/551\/revisions\/36354"}],"wp:attachment":[{"href":"https:\/\/blogdoedvaldomagalhaes.com.br\/index.php\/wp-json\/wp\/v2\/media?parent=551"}],"wp:term":[{"taxonomy":"category","embeddable":true,"href":"https:\/\/blogdoedvaldomagalhaes.com.br\/index.php\/wp-json\/wp\/v2\/categories?post=551"},{"taxonomy":"post_tag","embeddable":true,"href":"https:\/\/blogdoedvaldomagalhaes.com.br\/index.php\/wp-json\/wp\/v2\/tags?post=551"}],"curies":[{"name":"wp","href":"https:\/\/api.w.org\/{rel}","templated":true}]}}