{"id":5459,"date":"2017-07-04T10:51:00","date_gmt":"2017-07-04T13:51:00","guid":{"rendered":"http:\/\/blogdoedvaldomagalhaes.com.br\/index.php\/2017\/07\/04\/vacina-contra-febre-aftosa-causa\/"},"modified":"2019-02-09T01:34:04","modified_gmt":"2019-02-09T03:34:04","slug":"vacina-contra-febre-aftosa-causa","status":"publish","type":"post","link":"https:\/\/blogdoedvaldomagalhaes.com.br\/index.php\/2017\/07\/04\/vacina-contra-febre-aftosa-causa\/","title":{"rendered":"Vacina contra febre aftosa causa abscesso e problemas com exporta\u00e7\u00e3o de carne"},"content":{"rendered":"<div class=\"separator\" style=\"clear: both; text-align: center;\">\n<a href=\"https:\/\/1.bp.blogspot.com\/-LhNR9dvaKhg\/WVty9t20oYI\/AAAAAAAAY2I\/V03XTk-uAVsKCxmFjFbFzlZOHWD0kOW9ACLcBGAs\/s1600\/carne.jpg\" imageanchor=\"1\" style=\"margin-left: 1em; margin-right: 1em;\"><img loading=\"lazy\" decoding=\"async\" border=\"0\" data-original-height=\"352\" data-original-width=\"640\" height=\"220\" src=\"http:\/\/blogdoedvaldomagalhaes.com.br\/wp-content\/uploads\/2017\/07\/carne.jpg\" width=\"400\" \/><\/a><\/div>\n<p><\/p>\n<div style=\"background: white; margin-bottom: 7.5pt; margin-left: 0cm; margin-right: 0cm; margin-top: 0cm; mso-line-height-alt: 18.0pt; text-align: justify;\">\nAs<br \/>\nrea\u00e7\u00f5es causadas pela vacina contra a febre aftosa est\u00e3o causando problemas com<br \/>\na exporta\u00e7\u00e3o de carne do Brasil. A justificativa \u00e9 que a carne estava lesionada<br \/>\npor causa da vacina.<\/div>\n<div style=\"background: white; margin-bottom: 7.5pt; margin-left: 0cm; margin-right: 0cm; margin-top: 0cm; mso-line-height-alt: 18.0pt; text-align: justify;\">\n<\/div>\n<div style=\"background: white; box-sizing: border-box; margin: 0cm 0cm 7.5pt; text-align: justify;\">\nO Jornalismo da R\u00e1dio Liberdade recebeu um v\u00eddeo onde um abscesso \u00e9<br \/>\nretirado de um animal. A reportagem procurou o gerente geral de Vigil\u00e2ncia em<br \/>\nSa\u00fade de Caruaru para falar sobre o assunto.&nbsp;Em entrevista a Liberdade, Paulo Flor\u00eancio disse que n\u00e3o \u00e9<br \/>\nmotivo para alarme, mas orientou os consumidores a procurarem a origem do<br \/>\nproduto. Ele garantiu que o Matadouro de Caruaru n\u00e3o oferece nenhum risco e que<br \/>\na carne com o carimbo da inspe\u00e7\u00e3o pode ser consumida com seguran\u00e7a.<\/p>\n<p><\/p>\n<div class=\"separator\" style=\"clear: both; text-align: center;\">\n<a href=\"http:\/\/blogdoedvaldomagalhaes.com.br\/wp-content\/uploads\/2017\/07\/sintracon.jpg\" imageanchor=\"1\" style=\"clear: left; float: left; margin-bottom: 1em; margin-right: 1em;\"><img decoding=\"async\" border=\"0\" data-original-height=\"100\" data-original-width=\"570\" src=\"http:\/\/blogdoedvaldomagalhaes.com.br\/wp-content\/uploads\/2017\/07\/sintracon.jpg\" \/><\/a><\/div>\n<p><\/div>\n","protected":false},"excerpt":{"rendered":"<p>As rea\u00e7\u00f5es causadas pela vacina contra a febre aftosa est\u00e3o causando problemas com a exporta\u00e7\u00e3o de carne do Brasil. A&hellip;<\/p>\n","protected":false},"author":1,"featured_media":0,"comment_status":"open","ping_status":"open","sticky":false,"template":"","format":"standard","meta":{"footnotes":""},"categories":[1],"tags":[2,6,7262],"class_list":["post-5459","post","type-post","status-publish","format-standard","hentry","category-sem-categoria","tag-blog-do-edvaldo-magalhaes","tag-noticias","tag-vacina-contra-febre-aftosa-causa-abscesso-e-problemas-com-exportacao-de-carne"],"_links":{"self":[{"href":"https:\/\/blogdoedvaldomagalhaes.com.br\/index.php\/wp-json\/wp\/v2\/posts\/5459","targetHints":{"allow":["GET"]}}],"collection":[{"href":"https:\/\/blogdoedvaldomagalhaes.com.br\/index.php\/wp-json\/wp\/v2\/posts"}],"about":[{"href":"https:\/\/blogdoedvaldomagalhaes.com.br\/index.php\/wp-json\/wp\/v2\/types\/post"}],"author":[{"embeddable":true,"href":"https:\/\/blogdoedvaldomagalhaes.com.br\/index.php\/wp-json\/wp\/v2\/users\/1"}],"replies":[{"embeddable":true,"href":"https:\/\/blogdoedvaldomagalhaes.com.br\/index.php\/wp-json\/wp\/v2\/comments?post=5459"}],"version-history":[{"count":1,"href":"https:\/\/blogdoedvaldomagalhaes.com.br\/index.php\/wp-json\/wp\/v2\/posts\/5459\/revisions"}],"predecessor-version":[{"id":21675,"href":"https:\/\/blogdoedvaldomagalhaes.com.br\/index.php\/wp-json\/wp\/v2\/posts\/5459\/revisions\/21675"}],"wp:attachment":[{"href":"https:\/\/blogdoedvaldomagalhaes.com.br\/index.php\/wp-json\/wp\/v2\/media?parent=5459"}],"wp:term":[{"taxonomy":"category","embeddable":true,"href":"https:\/\/blogdoedvaldomagalhaes.com.br\/index.php\/wp-json\/wp\/v2\/categories?post=5459"},{"taxonomy":"post_tag","embeddable":true,"href":"https:\/\/blogdoedvaldomagalhaes.com.br\/index.php\/wp-json\/wp\/v2\/tags?post=5459"}],"curies":[{"name":"wp","href":"https:\/\/api.w.org\/{rel}","templated":true}]}}