{"id":5458,"date":"2017-07-04T12:05:00","date_gmt":"2017-07-04T15:05:00","guid":{"rendered":"http:\/\/blogdoedvaldomagalhaes.com.br\/index.php\/2017\/07\/04\/morre-ex-vereador-de-caruaru-jose\/"},"modified":"2019-02-09T01:34:04","modified_gmt":"2019-02-09T03:34:04","slug":"morre-ex-vereador-de-caruaru-jose","status":"publish","type":"post","link":"https:\/\/blogdoedvaldomagalhaes.com.br\/index.php\/2017\/07\/04\/morre-ex-vereador-de-caruaru-jose\/","title":{"rendered":"Morre ex- vereador de Caruaru Jos\u00e9 Ailton (Z\u00e9+Z\u00e9)"},"content":{"rendered":"<div class=\"separator\" style=\"clear: both; text-align: center;\">\n<\/div>\n<div class=\"separator\" style=\"clear: both; text-align: center;\">\n<\/div>\n<div class=\"separator\" style=\"clear: both; text-align: center;\">\n<a href=\"https:\/\/3.bp.blogspot.com\/-RA-BvNnjsfs\/WVuEPk4FKVI\/AAAAAAAAY2Y\/9-OxAc4gooI5AwGBYCQLf9kXLGqBV5JQwCLcBGAs\/s1600\/images.jpg\" imageanchor=\"1\" style=\"margin-left: 1em; margin-right: 1em;\"><img loading=\"lazy\" decoding=\"async\" border=\"0\" data-original-height=\"332\" data-original-width=\"443\" height=\"298\" src=\"http:\/\/blogdoedvaldomagalhaes.com.br\/wp-content\/uploads\/2017\/07\/images.jpg\" width=\"400\" \/><\/a><\/div>\n<div class=\"separator\" style=\"clear: both; text-align: center;\">\n<\/div>\n<div style=\"text-align: justify;\">\nMorreu na madrugada desta ter\u00e7a-feira (04), quando estava dormindo em sua resid\u00eancia o ex-vereador Jos\u00e9 Ailton, conhecido por Z\u00e9+Z\u00e9, de 63 anos. De acordo com m\u00e9dicos do SAMU, Z\u00e9 Ailton sofreu um ataque card\u00edaco. O corpo ainda se encontra em sua resid\u00eancia.&nbsp;<\/p>\n<p>O vel\u00f3rio ser\u00e1 na resid\u00eancia da m\u00e3e dele, no s\u00edtio Lagoa de Paulista, zona rural de Caruaru, de onde sair\u00e1 \u00e0s 8h da manh\u00e3 desta quarta-feira (05), e ser\u00e1 levado para a C\u00e2mara Municipal, \u00e0s 10h o corpo ser\u00e1 levado para o Cemit\u00e9rio Dom Bosco, onde ser\u00e1 sepultado.<\/p>\n<div class=\"separator\" style=\"clear: both; text-align: center;\">\n<a href=\"http:\/\/blogdoedvaldomagalhaes.com.br\/wp-content\/uploads\/2017\/07\/9-Etical-3.jpg\" imageanchor=\"1\" style=\"clear: left; float: left; margin-bottom: 1em; margin-right: 1em;\"><img decoding=\"async\" border=\"0\" data-original-height=\"100\" data-original-width=\"570\" src=\"http:\/\/blogdoedvaldomagalhaes.com.br\/wp-content\/uploads\/2017\/07\/9-Etical-3.jpg\" \/><\/a><\/div>\n<p><\/div>\n","protected":false},"excerpt":{"rendered":"<p>Morreu na madrugada desta ter\u00e7a-feira (04), quando estava dormindo em sua resid\u00eancia o ex-vereador Jos\u00e9 Ailton, conhecido por Z\u00e9+Z\u00e9, de&hellip;<\/p>\n","protected":false},"author":1,"featured_media":0,"comment_status":"open","ping_status":"open","sticky":false,"template":"","format":"standard","meta":{"footnotes":""},"categories":[1],"tags":[2,7261,20],"class_list":["post-5458","post","type-post","status-publish","format-standard","hentry","category-sem-categoria","tag-blog-do-edvaldo-magalhaes","tag-morre-ex-vereador-de-caruaru-jose-ailton-zeze","tag-politica"],"_links":{"self":[{"href":"https:\/\/blogdoedvaldomagalhaes.com.br\/index.php\/wp-json\/wp\/v2\/posts\/5458","targetHints":{"allow":["GET"]}}],"collection":[{"href":"https:\/\/blogdoedvaldomagalhaes.com.br\/index.php\/wp-json\/wp\/v2\/posts"}],"about":[{"href":"https:\/\/blogdoedvaldomagalhaes.com.br\/index.php\/wp-json\/wp\/v2\/types\/post"}],"author":[{"embeddable":true,"href":"https:\/\/blogdoedvaldomagalhaes.com.br\/index.php\/wp-json\/wp\/v2\/users\/1"}],"replies":[{"embeddable":true,"href":"https:\/\/blogdoedvaldomagalhaes.com.br\/index.php\/wp-json\/wp\/v2\/comments?post=5458"}],"version-history":[{"count":1,"href":"https:\/\/blogdoedvaldomagalhaes.com.br\/index.php\/wp-json\/wp\/v2\/posts\/5458\/revisions"}],"predecessor-version":[{"id":21678,"href":"https:\/\/blogdoedvaldomagalhaes.com.br\/index.php\/wp-json\/wp\/v2\/posts\/5458\/revisions\/21678"}],"wp:attachment":[{"href":"https:\/\/blogdoedvaldomagalhaes.com.br\/index.php\/wp-json\/wp\/v2\/media?parent=5458"}],"wp:term":[{"taxonomy":"category","embeddable":true,"href":"https:\/\/blogdoedvaldomagalhaes.com.br\/index.php\/wp-json\/wp\/v2\/categories?post=5458"},{"taxonomy":"post_tag","embeddable":true,"href":"https:\/\/blogdoedvaldomagalhaes.com.br\/index.php\/wp-json\/wp\/v2\/tags?post=5458"}],"curies":[{"name":"wp","href":"https:\/\/api.w.org\/{rel}","templated":true}]}}