{"id":54439,"date":"2020-04-21T12:59:54","date_gmt":"2020-04-21T15:59:54","guid":{"rendered":"http:\/\/blogdoedvaldomagalhaes.com.br\/?p=54439"},"modified":"2020-04-21T13:18:07","modified_gmt":"2020-04-21T16:18:07","slug":"campanha-de-solidariedade-da-uesc-e-da-ujr-em-caruaru","status":"publish","type":"post","link":"https:\/\/blogdoedvaldomagalhaes.com.br\/index.php\/2020\/04\/21\/campanha-de-solidariedade-da-uesc-e-da-ujr-em-caruaru\/","title":{"rendered":"Campanha de Solidariedade da UESC e da UJR em Caruaru"},"content":{"rendered":"<p style=\"text-align: justify;\">Campanha de Solidariedade da Uni\u00e3o dos Estudantes Secundaristas de Caruaru &#8211; UESC e da Uni\u00e3o da Juventude Rebeli\u00e3o &#8211; UJR, est\u00e1 sendo realizada em Caruaru.<\/p>\n<p>Por que ajudar na campanha de combate a fome :<\/p>\n<p style=\"text-align: justify;\">1 &#8211; Por que a UESC \u00e9 uma entidade s\u00e9ria e comprometida com os direitos da juventude e dos estudantes de Caruaru e Regi\u00e3o. Desde 1994 em sua reorganiza\u00e7\u00e3o que a UESC n\u00e3o deixou um s\u00f3 minuto de lutar e defender os direitos do povo trabalhador de Caruaru .<\/p>\n<p>2-Por que a UESC conquistou : Meia -Passagem (Lei 4.025\/2000) &#8211; Gratuidade Rural(2018) &#8211; Efetiva\u00e7\u00e3o da Lei da merenda escolar, fardamento, constru\u00e7\u00e3o de quadras e reformas nas escolas- BARROU 4 vezes o quent\u00e3o da PASSAGEM de \ud83d\ude8c em Caruaru &#8211; Participou ativamente da CAMPANHA pela DELEGACIA da MULHER 24h e aos finais de semana- PROMOVE CAMPANHAS CONTRA A GRAVIDEZ na adolesc\u00eancia- O PAPEL DAS DROGAS para a juventude- Racismo e opress\u00f5es &#8211; Esteve presente na constru\u00e7\u00e3o do plano participativo em Caruaru , em participaria ao MLB . entre outras lutas!!!<\/p>\n<p style=\"text-align: justify;\">3- Tem transpar\u00eancia no que faz e tem compromisso com o nosso povo. Por isso, tem prestado conta de suas atividades. Bem como dessa campanha. Atrav\u00e9s de fotos, postagens e documentos.<\/p>\n<p style=\"text-align: justify;\">4- Atualmente no Brasil existem , cerca de 40 milh\u00f5es de pais e m\u00e3es de fam\u00edlias desempregados ou vivendo do subemprego. Devido a pandemia do Covid-19 a maioria desses trabalhadores N\u00c3O TEM COMO GARANTIR AO MENOS UMA ALIMENTA\u00c7\u00c3O POR DIA. Por outro lado , o aux\u00edlio emergencial do Governo, tem tido muito BUROCRACIA pra sair&#8230; Tendo assim, aumentado a pobreza e a precariza\u00e7\u00e3o da vida dessas fam\u00edlias. Por isso, AJUDE a QUEM TEM FOME. DOE O QUANTO PUDER E O QUE N\u00c3O LHE FAR\u00c1 FALTA, O valor ou quantidade quem determinar\u00e1 \u00e9 a sua SOLIDARIEDADE!<\/p>\n<p style=\"text-align: justify;\">Para doar \u00e9 muito simples.<\/p>\n<p style=\"text-align: justify;\">O QUE DOAR ? ALIMENTOS E MATERIAL DE HIGIENE. OU fazer doa\u00e7\u00f5es na conta :<\/p>\n<p style=\"text-align: justify;\">Caixa Econ\u00f4mica Federal<\/p>\n<p style=\"text-align: justify;\">Ag\u00eancia: 0051<br \/>Opera\u00e7\u00e3o:013<br \/>Conta Poupan\u00e7a: 00094638-9<\/p>\n<p style=\"text-align: justify;\">ONDE DOAR: RUA BAHIA 168- Divin\u00f3polis (das 9h \u00e0s 14h ter\u00e7as\/quintas)<\/p>\n<p style=\"text-align: justify;\">Ou pelo telefone:<br \/>(81)9 9407- 9716 que podemos ir at\u00e9 voc\u00ea recolher a doa\u00e7\u00e3o!<\/p>\n<p style=\"text-align: justify;\">S\u00f3 conquista quem lutar!<br \/>#opovopelopovo<\/p>\n\n\n<figure class=\"wp-block-image size-large\"><img loading=\"lazy\" decoding=\"async\" width=\"1024\" height=\"768\" src=\"http:\/\/blogdoedvaldomagalhaes.com.br\/wp-content\/uploads\/2020\/04\/IMG-20200418-WA0063-1024x768.jpg\" alt=\"\" class=\"wp-image-54445\" srcset=\"https:\/\/blogdoedvaldomagalhaes.com.br\/wp-content\/uploads\/2020\/04\/IMG-20200418-WA0063-1024x768.jpg 1024w, https:\/\/blogdoedvaldomagalhaes.com.br\/wp-content\/uploads\/2020\/04\/IMG-20200418-WA0063-300x225.jpg 300w, https:\/\/blogdoedvaldomagalhaes.com.br\/wp-content\/uploads\/2020\/04\/IMG-20200418-WA0063-768x576.jpg 768w, https:\/\/blogdoedvaldomagalhaes.com.br\/wp-content\/uploads\/2020\/04\/IMG-20200418-WA0063-160x120.jpg 160w, https:\/\/blogdoedvaldomagalhaes.com.br\/wp-content\/uploads\/2020\/04\/IMG-20200418-WA0063.jpg 1280w\" sizes=\"auto, (max-width: 1024px) 100vw, 1024px\" \/><\/figure>\n\n\n\n<figure class=\"wp-block-image size-large\"><img loading=\"lazy\" decoding=\"async\" width=\"768\" height=\"1024\" src=\"http:\/\/blogdoedvaldomagalhaes.com.br\/wp-content\/uploads\/2020\/04\/IMG-20200418-WA0061-768x1024.jpg\" alt=\"\" class=\"wp-image-54447\" srcset=\"https:\/\/blogdoedvaldomagalhaes.com.br\/wp-content\/uploads\/2020\/04\/IMG-20200418-WA0061-768x1024.jpg 768w, https:\/\/blogdoedvaldomagalhaes.com.br\/wp-content\/uploads\/2020\/04\/IMG-20200418-WA0061-225x300.jpg 225w, https:\/\/blogdoedvaldomagalhaes.com.br\/wp-content\/uploads\/2020\/04\/IMG-20200418-WA0061.jpg 960w\" sizes=\"auto, (max-width: 768px) 100vw, 768px\" \/><\/figure>\n\n\n\n<figure class=\"wp-block-image size-large\"><img loading=\"lazy\" decoding=\"async\" width=\"1024\" height=\"768\" src=\"http:\/\/blogdoedvaldomagalhaes.com.br\/wp-content\/uploads\/2020\/04\/IMG-20200418-WA0060-1024x768.jpg\" alt=\"\" class=\"wp-image-54448\" srcset=\"https:\/\/blogdoedvaldomagalhaes.com.br\/wp-content\/uploads\/2020\/04\/IMG-20200418-WA0060-1024x768.jpg 1024w, https:\/\/blogdoedvaldomagalhaes.com.br\/wp-content\/uploads\/2020\/04\/IMG-20200418-WA0060-300x225.jpg 300w, https:\/\/blogdoedvaldomagalhaes.com.br\/wp-content\/uploads\/2020\/04\/IMG-20200418-WA0060-768x576.jpg 768w, https:\/\/blogdoedvaldomagalhaes.com.br\/wp-content\/uploads\/2020\/04\/IMG-20200418-WA0060-160x120.jpg 160w, https:\/\/blogdoedvaldomagalhaes.com.br\/wp-content\/uploads\/2020\/04\/IMG-20200418-WA0060.jpg 1280w\" sizes=\"auto, (max-width: 1024px) 100vw, 1024px\" \/><\/figure>\n\n\n\n<figure class=\"wp-block-image size-large\"><img loading=\"lazy\" decoding=\"async\" width=\"704\" height=\"478\" src=\"http:\/\/blogdoedvaldomagalhaes.com.br\/wp-content\/uploads\/2020\/04\/IMG-20200418-WA0059.jpg\" alt=\"\" class=\"wp-image-54449\" srcset=\"https:\/\/blogdoedvaldomagalhaes.com.br\/wp-content\/uploads\/2020\/04\/IMG-20200418-WA0059.jpg 704w, https:\/\/blogdoedvaldomagalhaes.com.br\/wp-content\/uploads\/2020\/04\/IMG-20200418-WA0059-300x204.jpg 300w\" sizes=\"auto, (max-width: 704px) 100vw, 704px\" \/><\/figure>\n\n\n\n<figure class=\"wp-block-image size-large\"><img loading=\"lazy\" decoding=\"async\" width=\"581\" height=\"570\" src=\"http:\/\/blogdoedvaldomagalhaes.com.br\/wp-content\/uploads\/2020\/04\/IMG-20200418-WA0057.jpg\" alt=\"\" class=\"wp-image-54450\" srcset=\"https:\/\/blogdoedvaldomagalhaes.com.br\/wp-content\/uploads\/2020\/04\/IMG-20200418-WA0057.jpg 581w, https:\/\/blogdoedvaldomagalhaes.com.br\/wp-content\/uploads\/2020\/04\/IMG-20200418-WA0057-300x294.jpg 300w\" sizes=\"auto, (max-width: 581px) 100vw, 581px\" \/><\/figure>\n","protected":false},"excerpt":{"rendered":"<p>Campanha de Solidariedade da Uni\u00e3o dos Estudantes Secundaristas de Caruaru &#8211; UESC e da Uni\u00e3o da Juventude Rebeli\u00e3o &#8211; UJR,&hellip;<\/p>\n","protected":false},"author":1,"featured_media":54440,"comment_status":"open","ping_status":"open","sticky":false,"template":"","format":"standard","meta":{"footnotes":""},"categories":[14120],"tags":[2,17880,16881],"class_list":["post-54439","post","type-post","status-publish","format-standard","has-post-thumbnail","hentry","category-noticias","tag-blog-do-edvaldo-magalhaes","tag-campanha-de-solidariedade-da-uesc-e-da-ujr-em-caruaru","tag-caruaru-e-regiao"],"_links":{"self":[{"href":"https:\/\/blogdoedvaldomagalhaes.com.br\/index.php\/wp-json\/wp\/v2\/posts\/54439","targetHints":{"allow":["GET"]}}],"collection":[{"href":"https:\/\/blogdoedvaldomagalhaes.com.br\/index.php\/wp-json\/wp\/v2\/posts"}],"about":[{"href":"https:\/\/blogdoedvaldomagalhaes.com.br\/index.php\/wp-json\/wp\/v2\/types\/post"}],"author":[{"embeddable":true,"href":"https:\/\/blogdoedvaldomagalhaes.com.br\/index.php\/wp-json\/wp\/v2\/users\/1"}],"replies":[{"embeddable":true,"href":"https:\/\/blogdoedvaldomagalhaes.com.br\/index.php\/wp-json\/wp\/v2\/comments?post=54439"}],"version-history":[{"count":6,"href":"https:\/\/blogdoedvaldomagalhaes.com.br\/index.php\/wp-json\/wp\/v2\/posts\/54439\/revisions"}],"predecessor-version":[{"id":54452,"href":"https:\/\/blogdoedvaldomagalhaes.com.br\/index.php\/wp-json\/wp\/v2\/posts\/54439\/revisions\/54452"}],"wp:featuredmedia":[{"embeddable":true,"href":"https:\/\/blogdoedvaldomagalhaes.com.br\/index.php\/wp-json\/wp\/v2\/media\/54440"}],"wp:attachment":[{"href":"https:\/\/blogdoedvaldomagalhaes.com.br\/index.php\/wp-json\/wp\/v2\/media?parent=54439"}],"wp:term":[{"taxonomy":"category","embeddable":true,"href":"https:\/\/blogdoedvaldomagalhaes.com.br\/index.php\/wp-json\/wp\/v2\/categories?post=54439"},{"taxonomy":"post_tag","embeddable":true,"href":"https:\/\/blogdoedvaldomagalhaes.com.br\/index.php\/wp-json\/wp\/v2\/tags?post=54439"}],"curies":[{"name":"wp","href":"https:\/\/api.w.org\/{rel}","templated":true}]}}