{"id":54430,"date":"2020-04-21T12:15:42","date_gmt":"2020-04-21T15:15:42","guid":{"rendered":"http:\/\/blogdoedvaldomagalhaes.com.br\/?p=54430"},"modified":"2020-04-21T12:24:11","modified_gmt":"2020-04-21T15:24:11","slug":"hospital-unimed-caruaru-divulga-1a-morte-por-covid-19","status":"publish","type":"post","link":"https:\/\/blogdoedvaldomagalhaes.com.br\/index.php\/2020\/04\/21\/hospital-unimed-caruaru-divulga-1a-morte-por-covid-19\/","title":{"rendered":"Hospital Unimed Caruaru divulga 1\u00aa morte por Covid-19"},"content":{"rendered":"<p>Nota<\/p>\n<p style=\"text-align: justify;\">O Hospital Unimed Caruaru (HUC) informa que, at\u00e9 o momento, registrou onze casos confirmados para a COVID-19. Destes, dois pacientes est\u00e3o internados em nossa unidade, seis encontram-se em isolamento domiciliar, dois obtiveram a cura da doen\u00e7a e um paciente veio a \u00f3bito.<\/p>\n<p style=\"text-align: justify;\">Est\u00e3o internados na nossa institui\u00e7\u00e3o seis pacientes com suspeita de COVID-19, em acompanhamento m\u00e9dico. Em respeito \u00e0 privacidade dos pacientes, a Unimed Caruaru esclarece que n\u00e3o divulga outros detalhes. A informa\u00e7\u00e3o \u00e9 fornecida apenas para os \u00f3rg\u00e3os de autoridade de sa\u00fade.<\/p>\n\n\n<figure class=\"wp-block-image size-large\"><img loading=\"lazy\" decoding=\"async\" width=\"634\" height=\"1024\" src=\"http:\/\/blogdoedvaldomagalhaes.com.br\/wp-content\/uploads\/2020\/04\/21.04.20-BOLETIM-HUC-CORONAV\u00cdRUS-MANH\u00c3-634x1024.jpeg\" alt=\"\" class=\"wp-image-54432\" srcset=\"https:\/\/blogdoedvaldomagalhaes.com.br\/wp-content\/uploads\/2020\/04\/21.04.20-BOLETIM-HUC-CORONAV\u00cdRUS-MANH\u00c3-634x1024.jpeg 634w, https:\/\/blogdoedvaldomagalhaes.com.br\/wp-content\/uploads\/2020\/04\/21.04.20-BOLETIM-HUC-CORONAV\u00cdRUS-MANH\u00c3-186x300.jpeg 186w, https:\/\/blogdoedvaldomagalhaes.com.br\/wp-content\/uploads\/2020\/04\/21.04.20-BOLETIM-HUC-CORONAV\u00cdRUS-MANH\u00c3-768x1241.jpeg 768w, https:\/\/blogdoedvaldomagalhaes.com.br\/wp-content\/uploads\/2020\/04\/21.04.20-BOLETIM-HUC-CORONAV\u00cdRUS-MANH\u00c3.jpeg 792w\" sizes=\"auto, (max-width: 634px) 100vw, 634px\" \/><\/figure>\n","protected":false},"excerpt":{"rendered":"<p>Nota O Hospital Unimed Caruaru (HUC) informa que, at\u00e9 o momento, registrou onze casos confirmados para a COVID-19. Destes, dois&hellip;<\/p>\n","protected":false},"author":1,"featured_media":54431,"comment_status":"open","ping_status":"open","sticky":false,"template":"","format":"standard","meta":{"footnotes":""},"categories":[14120],"tags":[2,16881,17879],"class_list":["post-54430","post","type-post","status-publish","format-standard","has-post-thumbnail","hentry","category-noticias","tag-blog-do-edvaldo-magalhaes","tag-caruaru-e-regiao","tag-hospital-unimed-caruaru-divulga-1a-morte-por-covid-19"],"_links":{"self":[{"href":"https:\/\/blogdoedvaldomagalhaes.com.br\/index.php\/wp-json\/wp\/v2\/posts\/54430","targetHints":{"allow":["GET"]}}],"collection":[{"href":"https:\/\/blogdoedvaldomagalhaes.com.br\/index.php\/wp-json\/wp\/v2\/posts"}],"about":[{"href":"https:\/\/blogdoedvaldomagalhaes.com.br\/index.php\/wp-json\/wp\/v2\/types\/post"}],"author":[{"embeddable":true,"href":"https:\/\/blogdoedvaldomagalhaes.com.br\/index.php\/wp-json\/wp\/v2\/users\/1"}],"replies":[{"embeddable":true,"href":"https:\/\/blogdoedvaldomagalhaes.com.br\/index.php\/wp-json\/wp\/v2\/comments?post=54430"}],"version-history":[{"count":4,"href":"https:\/\/blogdoedvaldomagalhaes.com.br\/index.php\/wp-json\/wp\/v2\/posts\/54430\/revisions"}],"predecessor-version":[{"id":54436,"href":"https:\/\/blogdoedvaldomagalhaes.com.br\/index.php\/wp-json\/wp\/v2\/posts\/54430\/revisions\/54436"}],"wp:featuredmedia":[{"embeddable":true,"href":"https:\/\/blogdoedvaldomagalhaes.com.br\/index.php\/wp-json\/wp\/v2\/media\/54431"}],"wp:attachment":[{"href":"https:\/\/blogdoedvaldomagalhaes.com.br\/index.php\/wp-json\/wp\/v2\/media?parent=54430"}],"wp:term":[{"taxonomy":"category","embeddable":true,"href":"https:\/\/blogdoedvaldomagalhaes.com.br\/index.php\/wp-json\/wp\/v2\/categories?post=54430"},{"taxonomy":"post_tag","embeddable":true,"href":"https:\/\/blogdoedvaldomagalhaes.com.br\/index.php\/wp-json\/wp\/v2\/tags?post=54430"}],"curies":[{"name":"wp","href":"https:\/\/api.w.org\/{rel}","templated":true}]}}