{"id":54412,"date":"2020-04-20T23:33:38","date_gmt":"2020-04-21T02:33:38","guid":{"rendered":"http:\/\/blogdoedvaldomagalhaes.com.br\/?p=54412"},"modified":"2020-04-20T23:35:03","modified_gmt":"2020-04-21T02:35:03","slug":"auxilio-emergencial-volta-a-exigir-o-cpf-regularizado","status":"publish","type":"post","link":"https:\/\/blogdoedvaldomagalhaes.com.br\/index.php\/2020\/04\/20\/auxilio-emergencial-volta-a-exigir-o-cpf-regularizado\/","title":{"rendered":"Aux\u00edlio Emergencial volta a exigir o CPF regularizado"},"content":{"rendered":"<p style=\"text-align: justify;\">O ministro Jo\u00e3o Ot\u00e1vio de Noronha, presidente do Superior Tribunal de Justi\u00e7a (STJ), tornou novamente obrigat\u00f3ria a regulariza\u00e7\u00e3o do CPF para que cidad\u00e3o possa receber o aux\u00edlio emergencial do governo federal. A decis\u00e3o \u00e9 resposta ao pedido feito pela Uni\u00e3o para suspender a liminar do Tribunal Regional Federal da 1\u00aa Regi\u00e3o (TRF1), que dispensava a exig\u00eancia.<\/p>\n<p style=\"text-align: justify;\">Em seu entendimento, Noronha destacou que mudar os crit\u00e9rios para obten\u00e7\u00e3o do benef\u00edcio pode atrasar o processamento de milh\u00f5es de solicita\u00e7\u00f5es. Isso traria preju\u00edzos graves \u00e0 economia e \u00e0 popula\u00e7\u00e3o.<\/p>\n<p style=\"text-align: justify;\">\u201cSe, em circunst\u00e2ncias normais, a possibilidade do atraso de 48 horas nas opera\u00e7\u00f5es referentes ao pagamento de aux\u00edlio \u00e0 popula\u00e7\u00e3o representa intercorr\u00eancia administr\u00e1vel do ponto de vista da gest\u00e3o p\u00fablica, no atual quadro de desacelera\u00e7\u00e3o abrupta das atividades comerciais e laborais do setor privado, retardar, ainda que por alguns dias, o recebimento do benef\u00edcio emergencial acarretar\u00e1 consequ\u00eancias desastrosas \u00e0 economia nacional e, por conseguinte, \u00e0 popula\u00e7\u00e3o\u201d, entendeu o ministro.<\/p>\n<p style=\"text-align: justify;\">A perspectiva foi o mote do argumento da Uni\u00e3o, segundo a qual seria necess\u00e1rio remodelar a plataforma da Dataprev e implicaria atraso no pagamento de aux\u00edlios para 45 milh\u00f5es de brasileiros. O governo federal alegou tamb\u00e9m que a exig\u00eancia do CPF regularizado \u00e9 medida para evitar fraudes.<\/p>\n<p style=\"text-align: justify;\">Em decis\u00e3o, o presidente do STJ chamou a aten\u00e7\u00e3o para o sistema online da Receita Federal, destinado \u00e0 regulariza\u00e7\u00e3o do CPF.<\/p>\n<p style=\"text-align: justify;\">\u201cEst\u00e1 demonstrada, portanto, a grave les\u00e3o \u00e0 ordem e \u00e0 economia p\u00fablicas decorrente da possibilidade de atraso no pagamento do aux\u00edlio emergencial institu\u00eddo para fazer frente aos efeitos devastadores da atual pandemia, tendo sido comprovada nos autos, por outro lado, a ado\u00e7\u00e3o das medidas necess\u00e1rias para evitar a aglomera\u00e7\u00e3o de pessoas em postos da Receita Federal do Brasil\u201d, concluiu o ministro.<\/p>\n<p>Foto: Governo Federal\/Divulga\u00e7\u00e3o.<\/p>\n","protected":false},"excerpt":{"rendered":"<p>O ministro Jo\u00e3o Ot\u00e1vio de Noronha, presidente do Superior Tribunal de Justi\u00e7a (STJ), tornou novamente obrigat\u00f3ria a regulariza\u00e7\u00e3o do CPF&hellip;<\/p>\n","protected":false},"author":1,"featured_media":54413,"comment_status":"open","ping_status":"open","sticky":false,"template":"","format":"standard","meta":{"footnotes":""},"categories":[14120],"tags":[17877,2,16881],"class_list":["post-54412","post","type-post","status-publish","format-standard","has-post-thumbnail","hentry","category-noticias","tag-auxilio-emergencial-volta-a-exigir-o-cpf-regularizado","tag-blog-do-edvaldo-magalhaes","tag-caruaru-e-regiao"],"_links":{"self":[{"href":"https:\/\/blogdoedvaldomagalhaes.com.br\/index.php\/wp-json\/wp\/v2\/posts\/54412","targetHints":{"allow":["GET"]}}],"collection":[{"href":"https:\/\/blogdoedvaldomagalhaes.com.br\/index.php\/wp-json\/wp\/v2\/posts"}],"about":[{"href":"https:\/\/blogdoedvaldomagalhaes.com.br\/index.php\/wp-json\/wp\/v2\/types\/post"}],"author":[{"embeddable":true,"href":"https:\/\/blogdoedvaldomagalhaes.com.br\/index.php\/wp-json\/wp\/v2\/users\/1"}],"replies":[{"embeddable":true,"href":"https:\/\/blogdoedvaldomagalhaes.com.br\/index.php\/wp-json\/wp\/v2\/comments?post=54412"}],"version-history":[{"count":2,"href":"https:\/\/blogdoedvaldomagalhaes.com.br\/index.php\/wp-json\/wp\/v2\/posts\/54412\/revisions"}],"predecessor-version":[{"id":54415,"href":"https:\/\/blogdoedvaldomagalhaes.com.br\/index.php\/wp-json\/wp\/v2\/posts\/54412\/revisions\/54415"}],"wp:featuredmedia":[{"embeddable":true,"href":"https:\/\/blogdoedvaldomagalhaes.com.br\/index.php\/wp-json\/wp\/v2\/media\/54413"}],"wp:attachment":[{"href":"https:\/\/blogdoedvaldomagalhaes.com.br\/index.php\/wp-json\/wp\/v2\/media?parent=54412"}],"wp:term":[{"taxonomy":"category","embeddable":true,"href":"https:\/\/blogdoedvaldomagalhaes.com.br\/index.php\/wp-json\/wp\/v2\/categories?post=54412"},{"taxonomy":"post_tag","embeddable":true,"href":"https:\/\/blogdoedvaldomagalhaes.com.br\/index.php\/wp-json\/wp\/v2\/tags?post=54412"}],"curies":[{"name":"wp","href":"https:\/\/api.w.org\/{rel}","templated":true}]}}