{"id":54408,"date":"2020-04-20T23:13:50","date_gmt":"2020-04-21T02:13:50","guid":{"rendered":"http:\/\/blogdoedvaldomagalhaes.com.br\/?p=54408"},"modified":"2020-04-20T23:13:51","modified_gmt":"2020-04-21T02:13:51","slug":"caixa-antecipa-pagamento-da-segunda-parcela-de-auxilio-emergencial","status":"publish","type":"post","link":"https:\/\/blogdoedvaldomagalhaes.com.br\/index.php\/2020\/04\/20\/caixa-antecipa-pagamento-da-segunda-parcela-de-auxilio-emergencial\/","title":{"rendered":"Caixa antecipa pagamento da segunda parcela de aux\u00edlio emergencial"},"content":{"rendered":"<article id=\"post-144545\" class=\"newsplus main-article post-144545 post type-post status-publish format-standard has-post-thumbnail hentry category-brasil category-ultimas-noticias tag-auxilio tag-caixa tag-emergencial\">\n<div class=\"entry-content articlebody\">\n<p style=\"text-align: justify;\">A Caixa Econ\u00f4mica Federal decidiu antecipar o pagamento da segunda parcela do aux\u00edlio emergencial de 600 reais mensais para informais. Os recursos estar\u00e3o dispon\u00edveis a partir de quinta-feira (23).<\/p>\n<p style=\"text-align: justify;\">Na quinta (23), receber\u00e1 quem nasceu em janeiro e fevereiro; Na sexta (24), nascidos em mar\u00e7o e abril; No s\u00e1bado (25), maio e junho; Na segunda-feira (27), julho e agosto; Na ter\u00e7a (28), nascidos em setembro e outubro; E na quarta-feira (29), quem nasceu em novembro e dezembro.<\/p>\n<p>Foto ilustrativa\/Reprodu\u00e7\u00e3o\/Internet.<\/p>\n<\/div>\n<\/article>\n<nav class=\"navigation post-navigation\" role=\"navigation\" aria-label=\"Posts\">\n<div class=\"nav-links\">\n<div class=\"nav-previous\"><\/div>\n<div class=\"nav-next\"><\/div>\n<\/div>\n<\/nav>\n","protected":false},"excerpt":{"rendered":"<p>A Caixa Econ\u00f4mica Federal decidiu antecipar o pagamento da segunda parcela do aux\u00edlio emergencial de 600 reais mensais para informais.&hellip;<\/p>\n","protected":false},"author":1,"featured_media":54410,"comment_status":"open","ping_status":"open","sticky":false,"template":"","format":"standard","meta":{"footnotes":""},"categories":[14120],"tags":[2,17876,16881],"class_list":["post-54408","post","type-post","status-publish","format-standard","has-post-thumbnail","hentry","category-noticias","tag-blog-do-edvaldo-magalhaes","tag-caixa-antecipa-pagamento-da-segunda-parcela-de-auxilio-emergencial","tag-caruaru-e-regiao"],"_links":{"self":[{"href":"https:\/\/blogdoedvaldomagalhaes.com.br\/index.php\/wp-json\/wp\/v2\/posts\/54408","targetHints":{"allow":["GET"]}}],"collection":[{"href":"https:\/\/blogdoedvaldomagalhaes.com.br\/index.php\/wp-json\/wp\/v2\/posts"}],"about":[{"href":"https:\/\/blogdoedvaldomagalhaes.com.br\/index.php\/wp-json\/wp\/v2\/types\/post"}],"author":[{"embeddable":true,"href":"https:\/\/blogdoedvaldomagalhaes.com.br\/index.php\/wp-json\/wp\/v2\/users\/1"}],"replies":[{"embeddable":true,"href":"https:\/\/blogdoedvaldomagalhaes.com.br\/index.php\/wp-json\/wp\/v2\/comments?post=54408"}],"version-history":[{"count":1,"href":"https:\/\/blogdoedvaldomagalhaes.com.br\/index.php\/wp-json\/wp\/v2\/posts\/54408\/revisions"}],"predecessor-version":[{"id":54411,"href":"https:\/\/blogdoedvaldomagalhaes.com.br\/index.php\/wp-json\/wp\/v2\/posts\/54408\/revisions\/54411"}],"wp:featuredmedia":[{"embeddable":true,"href":"https:\/\/blogdoedvaldomagalhaes.com.br\/index.php\/wp-json\/wp\/v2\/media\/54410"}],"wp:attachment":[{"href":"https:\/\/blogdoedvaldomagalhaes.com.br\/index.php\/wp-json\/wp\/v2\/media?parent=54408"}],"wp:term":[{"taxonomy":"category","embeddable":true,"href":"https:\/\/blogdoedvaldomagalhaes.com.br\/index.php\/wp-json\/wp\/v2\/categories?post=54408"},{"taxonomy":"post_tag","embeddable":true,"href":"https:\/\/blogdoedvaldomagalhaes.com.br\/index.php\/wp-json\/wp\/v2\/tags?post=54408"}],"curies":[{"name":"wp","href":"https:\/\/api.w.org\/{rel}","templated":true}]}}