{"id":54402,"date":"2020-04-20T21:14:57","date_gmt":"2020-04-21T00:14:57","guid":{"rendered":"http:\/\/blogdoedvaldomagalhaes.com.br\/?p=54402"},"modified":"2020-04-20T23:41:08","modified_gmt":"2020-04-21T02:41:08","slug":"covid-19-caruaru-recebe-11-respiradores-pulmonares","status":"publish","type":"post","link":"https:\/\/blogdoedvaldomagalhaes.com.br\/index.php\/2020\/04\/20\/covid-19-caruaru-recebe-11-respiradores-pulmonares\/","title":{"rendered":"Covid-19: Caruaru recebe 11 respiradores pulmonares"},"content":{"rendered":"<p style=\"text-align: justify;\">A Prefeitura de Caruaru recebeu, nesta segunda-feira (20), mais 11 ventiladores que ir\u00e3o ajudar no suporte aos pacientes com Covid-19 na cidade. Os aparelhos ser\u00e3o instalados no Hospital Municipal Manoel Afonso.<\/p>\n<p style=\"text-align: justify;\">Os aparelhos dar\u00e3o suporte e maior seguran\u00e7a aos pacientes e profissionais de sa\u00fade durante a pandemia do novo coronav\u00edrus. A rede municipal conta agora com 33 ventiladores pulmonares.<\/p>\n\n\n<figure class=\"wp-block-image size-large\"><img loading=\"lazy\" decoding=\"async\" width=\"1024\" height=\"682\" src=\"http:\/\/blogdoedvaldomagalhaes.com.br\/wp-content\/uploads\/2020\/04\/IMG-20200420-WA0284-1024x682.jpg\" alt=\"\" class=\"wp-image-54404\" srcset=\"https:\/\/blogdoedvaldomagalhaes.com.br\/wp-content\/uploads\/2020\/04\/IMG-20200420-WA0284-1024x682.jpg 1024w, https:\/\/blogdoedvaldomagalhaes.com.br\/wp-content\/uploads\/2020\/04\/IMG-20200420-WA0284-300x200.jpg 300w, https:\/\/blogdoedvaldomagalhaes.com.br\/wp-content\/uploads\/2020\/04\/IMG-20200420-WA0284-768x512.jpg 768w, https:\/\/blogdoedvaldomagalhaes.com.br\/wp-content\/uploads\/2020\/04\/IMG-20200420-WA0284.jpg 1280w\" sizes=\"auto, (max-width: 1024px) 100vw, 1024px\" \/><figcaption>Cr\u00e9ditos: Jana\u00edna Pepeu<\/figcaption><\/figure>\n","protected":false},"excerpt":{"rendered":"<p>A Prefeitura de Caruaru recebeu, nesta segunda-feira (20), mais 11 ventiladores que ir\u00e3o ajudar no suporte aos pacientes com Covid-19&hellip;<\/p>\n","protected":false},"author":1,"featured_media":54403,"comment_status":"open","ping_status":"open","sticky":false,"template":"","format":"standard","meta":{"footnotes":""},"categories":[14120],"tags":[2,16881,17875],"class_list":["post-54402","post","type-post","status-publish","format-standard","has-post-thumbnail","hentry","category-noticias","tag-blog-do-edvaldo-magalhaes","tag-caruaru-e-regiao","tag-covid-19-caruaru-recebe-11-respiradores-pulmonares"],"_links":{"self":[{"href":"https:\/\/blogdoedvaldomagalhaes.com.br\/index.php\/wp-json\/wp\/v2\/posts\/54402","targetHints":{"allow":["GET"]}}],"collection":[{"href":"https:\/\/blogdoedvaldomagalhaes.com.br\/index.php\/wp-json\/wp\/v2\/posts"}],"about":[{"href":"https:\/\/blogdoedvaldomagalhaes.com.br\/index.php\/wp-json\/wp\/v2\/types\/post"}],"author":[{"embeddable":true,"href":"https:\/\/blogdoedvaldomagalhaes.com.br\/index.php\/wp-json\/wp\/v2\/users\/1"}],"replies":[{"embeddable":true,"href":"https:\/\/blogdoedvaldomagalhaes.com.br\/index.php\/wp-json\/wp\/v2\/comments?post=54402"}],"version-history":[{"count":2,"href":"https:\/\/blogdoedvaldomagalhaes.com.br\/index.php\/wp-json\/wp\/v2\/posts\/54402\/revisions"}],"predecessor-version":[{"id":54406,"href":"https:\/\/blogdoedvaldomagalhaes.com.br\/index.php\/wp-json\/wp\/v2\/posts\/54402\/revisions\/54406"}],"wp:featuredmedia":[{"embeddable":true,"href":"https:\/\/blogdoedvaldomagalhaes.com.br\/index.php\/wp-json\/wp\/v2\/media\/54403"}],"wp:attachment":[{"href":"https:\/\/blogdoedvaldomagalhaes.com.br\/index.php\/wp-json\/wp\/v2\/media?parent=54402"}],"wp:term":[{"taxonomy":"category","embeddable":true,"href":"https:\/\/blogdoedvaldomagalhaes.com.br\/index.php\/wp-json\/wp\/v2\/categories?post=54402"},{"taxonomy":"post_tag","embeddable":true,"href":"https:\/\/blogdoedvaldomagalhaes.com.br\/index.php\/wp-json\/wp\/v2\/tags?post=54402"}],"curies":[{"name":"wp","href":"https:\/\/api.w.org\/{rel}","templated":true}]}}