{"id":54395,"date":"2020-04-20T19:22:39","date_gmt":"2020-04-20T22:22:39","guid":{"rendered":"http:\/\/blogdoedvaldomagalhaes.com.br\/?p=54395"},"modified":"2020-04-20T23:42:12","modified_gmt":"2020-04-21T02:42:12","slug":"secretaria-de-saude-de-caruaru-informa-terceira-morte-por-covid-19","status":"publish","type":"post","link":"https:\/\/blogdoedvaldomagalhaes.com.br\/index.php\/2020\/04\/20\/secretaria-de-saude-de-caruaru-informa-terceira-morte-por-covid-19\/","title":{"rendered":"Secretaria de Sa\u00fade de Caruaru informa terceira morte por Covid-19"},"content":{"rendered":"<p style=\"text-align: justify;\"><span style=\"font-size: inherit;\">Nota&nbsp;<\/span><\/p>\n<p style=\"text-align: justify;\"><span style=\"font-size: inherit;\">A Secretaria de Sa\u00fade de Caruaru informa mais tr\u00eas casos positivos de Covid-19 na cidade, onde um chegou a \u00f3bito. As transmiss\u00f5es foram do tipo comunit\u00e1ria.<\/span><\/p>\n<p style=\"text-align: justify;\">Pacientes:<br \/>\n&#8211; 50 anos, quadro de sa\u00fade est\u00e1vel e internado em hospital particular;<br \/>\n&#8211; 32 anos, quadro de sa\u00fade est\u00e1vel, por\u00e9m com febre, e internado em hospital particular, no Recife;<br \/>\n&#8211; 78 anos, oncol\u00f3gica, diab\u00e9tica, hipertensa e cardiopata. Estava internada em hospital particular e faleceu ontem (19).<\/p>\n<p style=\"text-align: justify;\">Caruaru conta, agora, com 18 casos confirmados de Covid-19 e tr\u00eas \u00f3bitos.<\/p>\n","protected":false},"excerpt":{"rendered":"<p>Nota&nbsp; A Secretaria de Sa\u00fade de Caruaru informa mais tr\u00eas casos positivos de Covid-19 na cidade, onde um chegou a&hellip;<\/p>\n","protected":false},"author":1,"featured_media":54397,"comment_status":"open","ping_status":"open","sticky":false,"template":"","format":"standard","meta":{"footnotes":""},"categories":[14120],"tags":[2,16881,17873],"class_list":["post-54395","post","type-post","status-publish","format-standard","has-post-thumbnail","hentry","category-noticias","tag-blog-do-edvaldo-magalhaes","tag-caruaru-e-regiao","tag-secretaria-de-saude-de-caruaru-informa-terceira-morte-por-covid-19"],"_links":{"self":[{"href":"https:\/\/blogdoedvaldomagalhaes.com.br\/index.php\/wp-json\/wp\/v2\/posts\/54395","targetHints":{"allow":["GET"]}}],"collection":[{"href":"https:\/\/blogdoedvaldomagalhaes.com.br\/index.php\/wp-json\/wp\/v2\/posts"}],"about":[{"href":"https:\/\/blogdoedvaldomagalhaes.com.br\/index.php\/wp-json\/wp\/v2\/types\/post"}],"author":[{"embeddable":true,"href":"https:\/\/blogdoedvaldomagalhaes.com.br\/index.php\/wp-json\/wp\/v2\/users\/1"}],"replies":[{"embeddable":true,"href":"https:\/\/blogdoedvaldomagalhaes.com.br\/index.php\/wp-json\/wp\/v2\/comments?post=54395"}],"version-history":[{"count":2,"href":"https:\/\/blogdoedvaldomagalhaes.com.br\/index.php\/wp-json\/wp\/v2\/posts\/54395\/revisions"}],"predecessor-version":[{"id":54416,"href":"https:\/\/blogdoedvaldomagalhaes.com.br\/index.php\/wp-json\/wp\/v2\/posts\/54395\/revisions\/54416"}],"wp:featuredmedia":[{"embeddable":true,"href":"https:\/\/blogdoedvaldomagalhaes.com.br\/index.php\/wp-json\/wp\/v2\/media\/54397"}],"wp:attachment":[{"href":"https:\/\/blogdoedvaldomagalhaes.com.br\/index.php\/wp-json\/wp\/v2\/media?parent=54395"}],"wp:term":[{"taxonomy":"category","embeddable":true,"href":"https:\/\/blogdoedvaldomagalhaes.com.br\/index.php\/wp-json\/wp\/v2\/categories?post=54395"},{"taxonomy":"post_tag","embeddable":true,"href":"https:\/\/blogdoedvaldomagalhaes.com.br\/index.php\/wp-json\/wp\/v2\/tags?post=54395"}],"curies":[{"name":"wp","href":"https:\/\/api.w.org\/{rel}","templated":true}]}}