{"id":54391,"date":"2020-04-20T18:57:02","date_gmt":"2020-04-20T21:57:02","guid":{"rendered":"http:\/\/blogdoedvaldomagalhaes.com.br\/?p=54391"},"modified":"2020-04-20T18:57:06","modified_gmt":"2020-04-20T21:57:06","slug":"ministerio-da-saude-divulga-1-927-casos-novos-e-113-mortes-por-covid-19-em-24-horas","status":"publish","type":"post","link":"https:\/\/blogdoedvaldomagalhaes.com.br\/index.php\/2020\/04\/20\/ministerio-da-saude-divulga-1-927-casos-novos-e-113-mortes-por-covid-19-em-24-horas\/","title":{"rendered":"Minist\u00e9rio da Sa\u00fade divulga 1.927 casos novos e 113 mortes por Covid-19 em 24 horas"},"content":{"rendered":"<div class=\"content-header-options-1 row-fluid\">\n<div class=\"btns-social-like span5\" style=\"text-align: justify;\"><span style=\"font-size: inherit;\">Subiu para 40.581 o n\u00famero de casos confirmados de coronav\u00edrus no Brasil. Nas \u00faltimas 24 horas, foram 1.927 novas confirma\u00e7\u00f5es. O n\u00famero de mortes tamb\u00e9m subiu, agora s\u00e3o 2.575. Em rela\u00e7\u00e3o ao dia anterior, foram 113 novos \u00f3bitos por coronav\u00edrus em todo o Brasil. Os n\u00fameros foram atualizados pelas Secretarias Estaduais de Sa\u00fade at\u00e9 as 14h desta segunda-feira (20).<\/span><\/div>\n<\/div>\n<p style=\"text-align: justify;\">Atualmente, todos os estados registram casos e mortes confirmadas por coronav\u00edrus. A maior parte das notifica\u00e7\u00f5es do Brasil est\u00e1 em S\u00e3o Paulo, que concentra 14.580 casos confirmados e 1.037 mortes. O segundo estado com mais casos \u00e9 o Rio de Janeiro, que tem 4.899 confirma\u00e7\u00f5es e 422 \u00f3bitos. A taxa de letalidade da doen\u00e7a est\u00e1 em 7%.<\/p>\n<p style=\"text-align: justify;\">Dos 40.581 casos, existem 8.318 pessoas internadas e das 2.575 mortes j\u00e1 foi poss\u00edvel concluir a investiga\u00e7\u00e3o de 2.082 casos, ou seja, 81% do total, o que permite tra\u00e7ar um perfil de \u00f3bitos causados pela doen\u00e7a: 7 de cada 10 pessoas tinham mais do que 60 anos de idade e apresentavam pelo menor um fator de risco, como doen\u00e7as do cora\u00e7\u00e3o ou do pulm\u00e3o e diabetes. Al\u00e9m disso, a maioria eram homens (60%) e de cor branca (56,6%).<\/p>\n","protected":false},"excerpt":{"rendered":"<p>Subiu para 40.581 o n\u00famero de casos confirmados de coronav\u00edrus no Brasil. Nas \u00faltimas 24 horas, foram 1.927 novas confirma\u00e7\u00f5es.&hellip;<\/p>\n","protected":false},"author":1,"featured_media":54392,"comment_status":"open","ping_status":"open","sticky":false,"template":"","format":"standard","meta":{"footnotes":""},"categories":[14120],"tags":[2,16881,17872],"class_list":["post-54391","post","type-post","status-publish","format-standard","has-post-thumbnail","hentry","category-noticias","tag-blog-do-edvaldo-magalhaes","tag-caruaru-e-regiao","tag-ministerio-da-saude-divulga-1-927-casos-novos-e-113-mortes-por-covid-19-em-24-horas"],"_links":{"self":[{"href":"https:\/\/blogdoedvaldomagalhaes.com.br\/index.php\/wp-json\/wp\/v2\/posts\/54391","targetHints":{"allow":["GET"]}}],"collection":[{"href":"https:\/\/blogdoedvaldomagalhaes.com.br\/index.php\/wp-json\/wp\/v2\/posts"}],"about":[{"href":"https:\/\/blogdoedvaldomagalhaes.com.br\/index.php\/wp-json\/wp\/v2\/types\/post"}],"author":[{"embeddable":true,"href":"https:\/\/blogdoedvaldomagalhaes.com.br\/index.php\/wp-json\/wp\/v2\/users\/1"}],"replies":[{"embeddable":true,"href":"https:\/\/blogdoedvaldomagalhaes.com.br\/index.php\/wp-json\/wp\/v2\/comments?post=54391"}],"version-history":[{"count":1,"href":"https:\/\/blogdoedvaldomagalhaes.com.br\/index.php\/wp-json\/wp\/v2\/posts\/54391\/revisions"}],"predecessor-version":[{"id":54393,"href":"https:\/\/blogdoedvaldomagalhaes.com.br\/index.php\/wp-json\/wp\/v2\/posts\/54391\/revisions\/54393"}],"wp:featuredmedia":[{"embeddable":true,"href":"https:\/\/blogdoedvaldomagalhaes.com.br\/index.php\/wp-json\/wp\/v2\/media\/54392"}],"wp:attachment":[{"href":"https:\/\/blogdoedvaldomagalhaes.com.br\/index.php\/wp-json\/wp\/v2\/media?parent=54391"}],"wp:term":[{"taxonomy":"category","embeddable":true,"href":"https:\/\/blogdoedvaldomagalhaes.com.br\/index.php\/wp-json\/wp\/v2\/categories?post=54391"},{"taxonomy":"post_tag","embeddable":true,"href":"https:\/\/blogdoedvaldomagalhaes.com.br\/index.php\/wp-json\/wp\/v2\/tags?post=54391"}],"curies":[{"name":"wp","href":"https:\/\/api.w.org\/{rel}","templated":true}]}}