{"id":5439,"date":"2017-07-05T22:39:00","date_gmt":"2017-07-06T01:39:00","guid":{"rendered":"http:\/\/blogdoedvaldomagalhaes.com.br\/index.php\/2017\/07\/05\/tremor-de-terra-e-registrado-em-caruaru\/"},"modified":"2019-02-09T01:34:20","modified_gmt":"2019-02-09T03:34:20","slug":"tremor-de-terra-e-registrado-em-caruaru","status":"publish","type":"post","link":"https:\/\/blogdoedvaldomagalhaes.com.br\/index.php\/2017\/07\/05\/tremor-de-terra-e-registrado-em-caruaru\/","title":{"rendered":"Tremor de terra \u00e9 registrado em Caruaru nesta quarta (05)"},"content":{"rendered":"<div class=\"separator\" style=\"clear: both; text-align: center;\">\n<a href=\"https:\/\/2.bp.blogspot.com\/-hAoM4ZVbRdQ\/WV1qeaitKfI\/AAAAAAAAY8Y\/QVJtfq3wCMccfyqjhqT-Aldzsv3hjD4WACLcBGAs\/s1600\/Caruaru.jpg\" imageanchor=\"1\" style=\"margin-left: 1em; margin-right: 1em;\"><img loading=\"lazy\" decoding=\"async\" border=\"0\" data-original-height=\"364\" data-original-width=\"610\" height=\"237\" src=\"http:\/\/blogdoedvaldomagalhaes.com.br\/wp-content\/uploads\/2017\/07\/Caruaru.jpg\" width=\"400\" \/><\/a><\/div>\n<div style=\"text-align: justify;\">\n<\/div>\n<div style=\"text-align: justify;\">\nO Laborat\u00f3rio de Sismologia da Universidade Federal do Rio Grande do Norte (IFRN), confirmou um tremor de terra \u00e0s 18h45 desta quarta-feira (05), em Caruaru. O abalo c\u00edsmico foi de 2.0 graus na escala Richter. De acordocom o t\u00e9cnico em sismologia Eduardo menezes, o tremor desta magnitude \u00e9 considerado de baixa intensidade.<\/p>\n<p>A cidade de Caruaru, tem uma esta\u00e7\u00e3o permanente da Rede Sismogr\u00e1fica do Nordeste Brasileiro, um projeto executado pela Universidade Federal do Rio Grande do Norte (UFRN), com financiamento da Petrobras, para facilitar a medi\u00e7\u00e3o dos abalos s\u00edsmicos que v\u00eam ocorrendo no munic\u00edpio desde o s\u00e9culo passado.<\/p>\n<p>De acordo com o coordenador do Laborat\u00f3rio Sismol\u00f3gico da UFRN, Joaquim Ferreira &#8220;em Caruaru h\u00e1 v\u00e1rias \u00e1reas ativas&#8221;, explicou. A atividade s\u00edsmica em Caruaru \u00e9 antiga.<\/p>\n<p>H\u00e1 relatos que a terra teria tremido na regi\u00e3o no ano de 1835. Mas foi no dia 21 de janeiro de 1967 que ocorreu o abalo de maior impacto, causando p\u00e2nico e fuga da popula\u00e7\u00e3o. Esse tremor alcan\u00e7ou a magnitude de 3,8.<\/p>\n<div class=\"separator\" style=\"clear: both; text-align: center;\">\n<a href=\"http:\/\/blogdoedvaldomagalhaes.com.br\/wp-content\/uploads\/2017\/07\/9-Etical-5.jpg\" imageanchor=\"1\" style=\"clear: left; float: left; margin-bottom: 1em; margin-right: 1em;\"><img decoding=\"async\" border=\"0\" data-original-height=\"100\" data-original-width=\"570\" src=\"http:\/\/blogdoedvaldomagalhaes.com.br\/wp-content\/uploads\/2017\/07\/9-Etical-5.jpg\" \/><\/a><\/div>\n<p><\/div>\n","protected":false},"excerpt":{"rendered":"<p>O Laborat\u00f3rio de Sismologia da Universidade Federal do Rio Grande do Norte (IFRN), confirmou um tremor de terra \u00e0s 18h45&hellip;<\/p>\n","protected":false},"author":1,"featured_media":0,"comment_status":"open","ping_status":"open","sticky":false,"template":"","format":"standard","meta":{"footnotes":""},"categories":[1],"tags":[2,7237,6,7238,7239,4317],"class_list":["post-5439","post","type-post","status-publish","format-standard","hentry","category-sem-categoria","tag-blog-do-edvaldo-magalhaes","tag-joaquim-ferreira","tag-noticias","tag-rede-sismografica-do-nordeste-brasileiro","tag-tremor-de-terra-e-registrado-em-caruaru-nesta-quarta-05","tag-ufrn"],"_links":{"self":[{"href":"https:\/\/blogdoedvaldomagalhaes.com.br\/index.php\/wp-json\/wp\/v2\/posts\/5439","targetHints":{"allow":["GET"]}}],"collection":[{"href":"https:\/\/blogdoedvaldomagalhaes.com.br\/index.php\/wp-json\/wp\/v2\/posts"}],"about":[{"href":"https:\/\/blogdoedvaldomagalhaes.com.br\/index.php\/wp-json\/wp\/v2\/types\/post"}],"author":[{"embeddable":true,"href":"https:\/\/blogdoedvaldomagalhaes.com.br\/index.php\/wp-json\/wp\/v2\/users\/1"}],"replies":[{"embeddable":true,"href":"https:\/\/blogdoedvaldomagalhaes.com.br\/index.php\/wp-json\/wp\/v2\/comments?post=5439"}],"version-history":[{"count":1,"href":"https:\/\/blogdoedvaldomagalhaes.com.br\/index.php\/wp-json\/wp\/v2\/posts\/5439\/revisions"}],"predecessor-version":[{"id":21746,"href":"https:\/\/blogdoedvaldomagalhaes.com.br\/index.php\/wp-json\/wp\/v2\/posts\/5439\/revisions\/21746"}],"wp:attachment":[{"href":"https:\/\/blogdoedvaldomagalhaes.com.br\/index.php\/wp-json\/wp\/v2\/media?parent=5439"}],"wp:term":[{"taxonomy":"category","embeddable":true,"href":"https:\/\/blogdoedvaldomagalhaes.com.br\/index.php\/wp-json\/wp\/v2\/categories?post=5439"},{"taxonomy":"post_tag","embeddable":true,"href":"https:\/\/blogdoedvaldomagalhaes.com.br\/index.php\/wp-json\/wp\/v2\/tags?post=5439"}],"curies":[{"name":"wp","href":"https:\/\/api.w.org\/{rel}","templated":true}]}}