{"id":54388,"date":"2020-04-20T18:10:34","date_gmt":"2020-04-20T21:10:34","guid":{"rendered":"http:\/\/blogdoedvaldomagalhaes.com.br\/?p=54388"},"modified":"2020-04-20T19:16:51","modified_gmt":"2020-04-20T22:16:51","slug":"crianca-que-faleceu-na-upa-em-caruaru-na-sexta-17-nao-foi-por-covid-19","status":"publish","type":"post","link":"https:\/\/blogdoedvaldomagalhaes.com.br\/index.php\/2020\/04\/20\/crianca-que-faleceu-na-upa-em-caruaru-na-sexta-17-nao-foi-por-covid-19\/","title":{"rendered":"Crian\u00e7a que faleceu na UPA em Caruaru na sexta (17), n\u00e3o foi por Covid-19"},"content":{"rendered":"<p style=\"text-align: justify;\"><span style=\"font-size: inherit;\">Nota<\/span><\/p>\n<p style=\"text-align: justify;\"><span style=\"font-size: inherit; text-align: justify;\">A Secretaria de Sa\u00fade de Caruaru informa que a crian\u00e7a de 1 ano e 4 meses, que faleceu na \u00faltima sexta-feira (17), na UPA do bairro Rendeiras, teve o resultado do exame liberado nesta segunda-feira (20). O laudo apontou negativo para Covid-19.<\/span><\/p>\n<p style=\"text-align: justify;\">O Blog procurou saber qual foi a causa morte, por\u00e9m, devido a pandemia do coronavirus, as necr\u00f3psias n\u00e3o est\u00e3o sendo realizadas em Caruaru, a morte ainda ser\u00e1 investigada.<\/p>\n<p>Foto ilustrativa\/Reprodu\u00e7\u00e3o\/Internet.<\/p>\n","protected":false},"excerpt":{"rendered":"<p>Nota A Secretaria de Sa\u00fade de Caruaru informa que a crian\u00e7a de 1 ano e 4 meses, que faleceu na&hellip;<\/p>\n","protected":false},"author":1,"featured_media":54389,"comment_status":"open","ping_status":"open","sticky":false,"template":"","format":"standard","meta":{"footnotes":""},"categories":[1],"tags":[2,17871,17870],"class_list":["post-54388","post","type-post","status-publish","format-standard","has-post-thumbnail","hentry","category-sem-categoria","tag-blog-do-edvaldo-magalhaes","tag-crianca-que-faleceu-na-upa-em-caruaru-na-sexta-17","tag-nao-foi-por-covid-19"],"_links":{"self":[{"href":"https:\/\/blogdoedvaldomagalhaes.com.br\/index.php\/wp-json\/wp\/v2\/posts\/54388","targetHints":{"allow":["GET"]}}],"collection":[{"href":"https:\/\/blogdoedvaldomagalhaes.com.br\/index.php\/wp-json\/wp\/v2\/posts"}],"about":[{"href":"https:\/\/blogdoedvaldomagalhaes.com.br\/index.php\/wp-json\/wp\/v2\/types\/post"}],"author":[{"embeddable":true,"href":"https:\/\/blogdoedvaldomagalhaes.com.br\/index.php\/wp-json\/wp\/v2\/users\/1"}],"replies":[{"embeddable":true,"href":"https:\/\/blogdoedvaldomagalhaes.com.br\/index.php\/wp-json\/wp\/v2\/comments?post=54388"}],"version-history":[{"count":2,"href":"https:\/\/blogdoedvaldomagalhaes.com.br\/index.php\/wp-json\/wp\/v2\/posts\/54388\/revisions"}],"predecessor-version":[{"id":54394,"href":"https:\/\/blogdoedvaldomagalhaes.com.br\/index.php\/wp-json\/wp\/v2\/posts\/54388\/revisions\/54394"}],"wp:featuredmedia":[{"embeddable":true,"href":"https:\/\/blogdoedvaldomagalhaes.com.br\/index.php\/wp-json\/wp\/v2\/media\/54389"}],"wp:attachment":[{"href":"https:\/\/blogdoedvaldomagalhaes.com.br\/index.php\/wp-json\/wp\/v2\/media?parent=54388"}],"wp:term":[{"taxonomy":"category","embeddable":true,"href":"https:\/\/blogdoedvaldomagalhaes.com.br\/index.php\/wp-json\/wp\/v2\/categories?post=54388"},{"taxonomy":"post_tag","embeddable":true,"href":"https:\/\/blogdoedvaldomagalhaes.com.br\/index.php\/wp-json\/wp\/v2\/tags?post=54388"}],"curies":[{"name":"wp","href":"https:\/\/api.w.org\/{rel}","templated":true}]}}