{"id":5438,"date":"2017-07-05T22:43:00","date_gmt":"2017-07-06T01:43:00","guid":{"rendered":"http:\/\/blogdoedvaldomagalhaes.com.br\/index.php\/2017\/07\/05\/racionamento-de-agua-em-caruaru-sera\/"},"modified":"2019-02-09T01:34:20","modified_gmt":"2019-02-09T03:34:20","slug":"racionamento-de-agua-em-caruaru-sera","status":"publish","type":"post","link":"https:\/\/blogdoedvaldomagalhaes.com.br\/index.php\/2017\/07\/05\/racionamento-de-agua-em-caruaru-sera\/","title":{"rendered":"Racionamento de \u00e1gua em Caruaru ser\u00e1 reduzido"},"content":{"rendered":"<div class=\"separator\" style=\"clear: both; text-align: center;\">\n<a href=\"https:\/\/4.bp.blogspot.com\/-K-bZvTpDHfE\/WV1rc28cb3I\/AAAAAAAAY8g\/mCRYcygnkh4ZwksWorkpXZ0d-iYau81eQCLcBGAs\/s1600\/Prata%2B%2B4.JPG\" imageanchor=\"1\" style=\"margin-left: 1em; margin-right: 1em;\"><img loading=\"lazy\" decoding=\"async\" border=\"0\" data-original-height=\"720\" data-original-width=\"1280\" height=\"225\" src=\"http:\/\/blogdoedvaldomagalhaes.com.br\/wp-content\/uploads\/2017\/07\/Prata4.jpg\" width=\"400\" \/><\/a><\/div>\n<div class=\"m_-1006827494416551709MsoPlainText\" style=\"text-align: justify;\">\n<\/div>\n<div class=\"m_-1006827494416551709MsoPlainText\" style=\"text-align: justify;\">\nA<br \/>\n Barragem do Prata vertendo \u00e9 um cen\u00e1rio que n\u00e3o se via h\u00e1 seis anos,<br \/>\ndesde 2011. A recupera\u00e7\u00e3o do manancial, localizado em Bonito, \u00e9 uma<br \/>\nexcelente not\u00edcia para a popula\u00e7\u00e3o de Caruaru e das cidades de Altinho,<br \/>\nIbirajuba, Agrestina, Cachoeirinha e Santa Cruz do Capibaribe que, neste<br \/>\n ano, enfrentaram o s\u00e9timo ano consecutivo de seca na regi\u00e3o Agreste. Em<br \/>\n pouco mais de um m\u00eas, a Barragem do Prata saiu da situa\u00e7\u00e3o de<br \/>\npr\u00e9-colapso e conseguiu armazenar 42 milh\u00f5es de metros c\u00fabicos de \u00e1gua, a<br \/>\n capacidade m\u00e1xima acumula\u00e7\u00e3o do reservat\u00f3rio. No entanto, a Barragem do<br \/>\n Prata cheia n\u00e3o \u00e9 suficiente para retirar a maior cidade do Agreste do<br \/>\nracionamento. Caruaru precisaria da \u00e1gua da Barragem de Jucazinho para<br \/>\nficar livre do rod\u00edzio definitivamente.<\/div>\n<div class=\"m_-1006827494416551709MsoPlainText\" style=\"text-align: justify;\">\n<\/div>\n<div class=\"m_-1006827494416551709MsoPlainText\" style=\"text-align: justify;\">\nJucazinho,<br \/>\n localizado em Surubim e respons\u00e1vel pelo abastecimento de 60% da cidade<br \/>\n de Caruaru, permanece em colapso desde setembro do ano passado &#8211; quando<br \/>\n foi implantado o calend\u00e1rio de abastecimento em Caruaru &#8211; e ainda n\u00e3o<br \/>\nconseguiu acumular \u00e1gua no per\u00edodo de chuvas. &#8220;Ser\u00e1 necess\u00e1rio, por<br \/>\nenquanto, continuar com o racionamento em Caruaru. Estamos executando<br \/>\numa obra complementar para a troca dos conjuntos motorbomba do Sistema<br \/>\nPrata\/ Pirangi por equipamentos mais potentes. Essa medida vai permitir<br \/>\num acr\u00e9scimo de 200 litros de \u00e1gua, por segundo, para 800 mil pessoas em<br \/>\n Caruaru e nas outras cidades da regi\u00e3o&#8221;, informou o gerente de Unidade<br \/>\nde Neg\u00f3cios da Compesa, M\u00e1rio Heitor.<\/div>\n<div class=\"m_-1006827494416551709MsoPlainText\" style=\"text-align: justify;\">\n<\/div>\n<div class=\"m_-1006827494416551709MsoPlainText\" style=\"text-align: justify;\">\nO<br \/>\n Governo do estado investe R$ 2,6 milh\u00f5es na amplia\u00e7\u00e3o da capacidade das<br \/>\n esta\u00e7\u00f5es de bombeamento do Sistema Produtor Prata\/Pirang\u00ed. A Compesa<br \/>\ntrabalha para concluir essa obra at\u00e9 o final do m\u00eas de setembro deste<br \/>\nano e reduzir o calend\u00e1rio de abastecimento de \u00e1gua em vigor em Caruaru,<br \/>\n que \u00e9 de cinco dias com \u00e1gua para 15 dias &#8211; desde o final do m\u00eas de<br \/>\njunho. Em<br \/>\n fevereiro, quando o Prata alcan\u00e7ou 20%&nbsp;da sua capacidade, o<br \/>\nracionamento em Caruaru chegou a ser realizado no regime de cinco dias<br \/>\ncom \u00e1gua e 20 dias sem. &#8220;A Adutora do Pirangi foi uma obra fundamental<br \/>\npara garantir a preserva\u00e7\u00e3o h\u00eddrica da Barragem do Prata, e evitar que o<br \/>\n manancial entrasse em colapso antes do per\u00edodo chuvoso&#8221;, acrescentou<br \/>\nM\u00e1rio Heitor.<\/div>\n<div class=\"m_-1006827494416551709MsoPlainText\" style=\"text-align: justify;\">\n<\/div>\n<div class=\"m_-1006827494416551709MsoPlainText\" style=\"text-align: justify;\">\n<b>Tramo Sul de Jucazinho<\/b><\/div>\n<div class=\"m_-1006827494416551709MsoPlainText\" style=\"text-align: justify;\">\n<\/div>\n<div class=\"m_-1006827494416551709MsoPlainText\" style=\"text-align: justify;\">\nDe<br \/>\n acordo com o gerente da Compesa, outra obra complementar, que dever\u00e1<br \/>\nser conclu\u00edda at\u00e9 o final deste ano, vai viabilizar o retorno do<br \/>\nabastecimento de \u00e1gua para as cidades do Tramo Sul de Jucazinho:<br \/>\nPassira, Cumaru, Riacho das Almas e Salgadinho. Essas cidades &nbsp;est\u00e3o<br \/>\nsendo abastecidas exclusivamente por caminh\u00f5es-pipa. A constru\u00e7\u00e3o de uma<br \/>\n nova unidade de bombeamento na Esta\u00e7\u00e3o de Tratamento de \u00c1gua (ETA) do<br \/>\nSalgado, em Caruaru, vai proporcionar a invers\u00e3o do sistema &#8211; que antes<br \/>\nvinha de Jucazinho para Caruaru &#8211; para retornar o caminho da adutora<br \/>\nlevando uma vaz\u00e3o de 200 litros de \u00e1gua, por segundo, do Prata e Pirangi<br \/>\n para atender essas cidades. Para a cidade de Toritama, a Compesa<br \/>\natender\u00e1 o munic\u00edpio &nbsp;por um trecho da Adutora do Agreste, que ser\u00e1<br \/>\ninterligada \u00e0 Adutora de Tabocas, alimentada c om \u00e1guas do Sistemas<br \/>\nPrata\/Pirangi. A obra est\u00e1 em execu\u00e7\u00e3o &nbsp;e a previs\u00e3o \u00e9 concluir as<br \/>\ninterven\u00e7\u00f5es em agosto.<\/p>\n<p><\/p>\n<div class=\"separator\" style=\"clear: both; text-align: center;\">\n<a href=\"http:\/\/blogdoedvaldomagalhaes.com.br\/wp-content\/uploads\/2017\/07\/10-Governo-4.jpg\" imageanchor=\"1\" style=\"clear: left; float: left; margin-bottom: 1em; margin-right: 1em;\"><img decoding=\"async\" border=\"0\" data-original-height=\"100\" data-original-width=\"570\" src=\"http:\/\/blogdoedvaldomagalhaes.com.br\/wp-content\/uploads\/2017\/07\/10-Governo-4.jpg\" \/><\/a><\/div>\n<p><\/div>\n","protected":false},"excerpt":{"rendered":"<p>A Barragem do Prata vertendo \u00e9 um cen\u00e1rio que n\u00e3o se via h\u00e1 seis anos, desde 2011. A recupera\u00e7\u00e3o do&hellip;<\/p>\n","protected":false},"author":1,"featured_media":0,"comment_status":"open","ping_status":"open","sticky":false,"template":"","format":"standard","meta":{"footnotes":""},"categories":[1],"tags":[7234,2,7235,2633,6,7236],"class_list":["post-5438","post","type-post","status-publish","format-standard","hentry","category-sem-categoria","tag-barragem-do-prata","tag-blog-do-edvaldo-magalhaes","tag-jucazinho","tag-mario-heitor","tag-noticias","tag-racionamento-de-agua-em-caruaru-sera-reduzido"],"_links":{"self":[{"href":"https:\/\/blogdoedvaldomagalhaes.com.br\/index.php\/wp-json\/wp\/v2\/posts\/5438","targetHints":{"allow":["GET"]}}],"collection":[{"href":"https:\/\/blogdoedvaldomagalhaes.com.br\/index.php\/wp-json\/wp\/v2\/posts"}],"about":[{"href":"https:\/\/blogdoedvaldomagalhaes.com.br\/index.php\/wp-json\/wp\/v2\/types\/post"}],"author":[{"embeddable":true,"href":"https:\/\/blogdoedvaldomagalhaes.com.br\/index.php\/wp-json\/wp\/v2\/users\/1"}],"replies":[{"embeddable":true,"href":"https:\/\/blogdoedvaldomagalhaes.com.br\/index.php\/wp-json\/wp\/v2\/comments?post=5438"}],"version-history":[{"count":1,"href":"https:\/\/blogdoedvaldomagalhaes.com.br\/index.php\/wp-json\/wp\/v2\/posts\/5438\/revisions"}],"predecessor-version":[{"id":21749,"href":"https:\/\/blogdoedvaldomagalhaes.com.br\/index.php\/wp-json\/wp\/v2\/posts\/5438\/revisions\/21749"}],"wp:attachment":[{"href":"https:\/\/blogdoedvaldomagalhaes.com.br\/index.php\/wp-json\/wp\/v2\/media?parent=5438"}],"wp:term":[{"taxonomy":"category","embeddable":true,"href":"https:\/\/blogdoedvaldomagalhaes.com.br\/index.php\/wp-json\/wp\/v2\/categories?post=5438"},{"taxonomy":"post_tag","embeddable":true,"href":"https:\/\/blogdoedvaldomagalhaes.com.br\/index.php\/wp-json\/wp\/v2\/tags?post=5438"}],"curies":[{"name":"wp","href":"https:\/\/api.w.org\/{rel}","templated":true}]}}