{"id":5437,"date":"2017-07-06T01:32:00","date_gmt":"2017-07-06T04:32:00","guid":{"rendered":"http:\/\/blogdoedvaldomagalhaes.com.br\/index.php\/2017\/07\/06\/ladroes-pulam-muro-da-delegacia-de\/"},"modified":"2019-02-09T01:34:21","modified_gmt":"2019-02-09T03:34:21","slug":"ladroes-pulam-muro-da-delegacia-de","status":"publish","type":"post","link":"https:\/\/blogdoedvaldomagalhaes.com.br\/index.php\/2017\/07\/06\/ladroes-pulam-muro-da-delegacia-de\/","title":{"rendered":"Ladr\u00f5es pulam muro da Delegacia de Caruaru para roubar e s\u00e3o presos em flagrante"},"content":{"rendered":"<div class=\"separator\" style=\"clear: both; text-align: center;\">\n<a href=\"https:\/\/3.bp.blogspot.com\/-g3jeoo3M1Pk\/WV2RpaNvDDI\/AAAAAAAAY9I\/7Ud34k5RKCArFeNNAtT58II-jmNLJFwCACLcBGAs\/s1600\/dp.jpg\" imageanchor=\"1\" style=\"margin-left: 1em; margin-right: 1em;\"><img loading=\"lazy\" decoding=\"async\" border=\"0\" data-original-height=\"180\" data-original-width=\"240\" height=\"300\" src=\"http:\/\/blogdoedvaldomagalhaes.com.br\/wp-content\/uploads\/2017\/07\/dp.jpg\" width=\"400\" \/><\/a><\/div>\n<div class=\"MsoNormal\" style=\"text-align: justify;\">\n<\/div>\n<div class=\"MsoNormal\" style=\"text-align: justify;\">\nNa tarde desta quarta-feira (05), foram presos<br \/>\nem flagrante na Delegacia Regional de Caruaru, C\u00edcero<br \/>\nHenrique Soares de Andrade, 20 anos de idade, residente na Rua Surubim, no Conjunto Residencial Boa Vista,<br \/>\ne Marcone Bezerra da Silva, 21 anos de<br \/>\nidade, residente na Rua Cruzeiro do Sul, Bairro Severino Afonso.<\/div>\n<div class=\"MsoNormal\" style=\"text-align: justify;\">\n<\/div>\n<div class=\"MsoNormal\" style=\"text-align: justify;\">\nSegundo informa\u00e7\u00f5es do Comiss\u00e1rio<br \/>\nEduardo Bruce, que fez a ocorr\u00eancia, os dois indiv\u00edduos pularam o muro do p\u00e1tio da Delegacia Regional, para roubar pe\u00e7as de ve\u00edculos que est\u00e3o apreendidos. Os dois foram detidos em flagrante, sendo que um deles ainda conseguiu correr, sendo alcan\u00e7ado pelos policiais a quatro quarteir\u00f5es da Delegacia.<\/div>\n<div class=\"MsoNormal\" style=\"text-align: justify;\">\n<\/div>\n<div class=\"MsoNormal\" style=\"text-align: justify;\">\nO Comiss\u00e1rio Bruce disse que<br \/>\no indiv\u00edduo jogou a chave de um autom\u00f3vel, para despistar. Os policiais juntaram as provas e tamb\u00e9m uma mala de ferramentas que estava de posse dos ladr\u00f5es e um ve\u00edculo que os mesmos estacionaram pr\u00f3ximo a Delegacia para depois do roubo fugir.<\/div>\n<div class=\"MsoNormal\" style=\"text-align: justify;\">\n<\/p>\n<div class=\"separator\" style=\"clear: both; text-align: center;\">\n<a href=\"http:\/\/blogdoedvaldomagalhaes.com.br\/wp-content\/uploads\/2017\/07\/2-SISMUC-6.jpg\" imageanchor=\"1\" style=\"clear: left; float: left; margin-bottom: 1em; margin-right: 1em;\"><img decoding=\"async\" border=\"0\" data-original-height=\"100\" data-original-width=\"570\" src=\"http:\/\/blogdoedvaldomagalhaes.com.br\/wp-content\/uploads\/2017\/07\/2-SISMUC-6.jpg\" \/><\/a><\/div>\n<p><\/div>\n","protected":false},"excerpt":{"rendered":"<p>Na tarde desta quarta-feira (05), foram presos em flagrante na Delegacia Regional de Caruaru, C\u00edcero Henrique Soares de Andrade, 20&hellip;<\/p>\n","protected":false},"author":1,"featured_media":0,"comment_status":"open","ping_status":"open","sticky":false,"template":"","format":"standard","meta":{"footnotes":""},"categories":[1],"tags":[2,7233,13],"class_list":["post-5437","post","type-post","status-publish","format-standard","hentry","category-sem-categoria","tag-blog-do-edvaldo-magalhaes","tag-ladroes-pulam-muro-da-delegacia-de-caruaru-para-roubar-e-sao-presos-em-flagrante","tag-policial"],"_links":{"self":[{"href":"https:\/\/blogdoedvaldomagalhaes.com.br\/index.php\/wp-json\/wp\/v2\/posts\/5437","targetHints":{"allow":["GET"]}}],"collection":[{"href":"https:\/\/blogdoedvaldomagalhaes.com.br\/index.php\/wp-json\/wp\/v2\/posts"}],"about":[{"href":"https:\/\/blogdoedvaldomagalhaes.com.br\/index.php\/wp-json\/wp\/v2\/types\/post"}],"author":[{"embeddable":true,"href":"https:\/\/blogdoedvaldomagalhaes.com.br\/index.php\/wp-json\/wp\/v2\/users\/1"}],"replies":[{"embeddable":true,"href":"https:\/\/blogdoedvaldomagalhaes.com.br\/index.php\/wp-json\/wp\/v2\/comments?post=5437"}],"version-history":[{"count":1,"href":"https:\/\/blogdoedvaldomagalhaes.com.br\/index.php\/wp-json\/wp\/v2\/posts\/5437\/revisions"}],"predecessor-version":[{"id":21752,"href":"https:\/\/blogdoedvaldomagalhaes.com.br\/index.php\/wp-json\/wp\/v2\/posts\/5437\/revisions\/21752"}],"wp:attachment":[{"href":"https:\/\/blogdoedvaldomagalhaes.com.br\/index.php\/wp-json\/wp\/v2\/media?parent=5437"}],"wp:term":[{"taxonomy":"category","embeddable":true,"href":"https:\/\/blogdoedvaldomagalhaes.com.br\/index.php\/wp-json\/wp\/v2\/categories?post=5437"},{"taxonomy":"post_tag","embeddable":true,"href":"https:\/\/blogdoedvaldomagalhaes.com.br\/index.php\/wp-json\/wp\/v2\/tags?post=5437"}],"curies":[{"name":"wp","href":"https:\/\/api.w.org\/{rel}","templated":true}]}}