{"id":54367,"date":"2020-04-20T15:46:36","date_gmt":"2020-04-20T18:46:36","guid":{"rendered":"http:\/\/blogdoedvaldomagalhaes.com.br\/?p=54367"},"modified":"2020-04-20T15:46:38","modified_gmt":"2020-04-20T18:46:38","slug":"penitenciaria-de-tacaimbo-comeca-a-produzir-epis","status":"publish","type":"post","link":"https:\/\/blogdoedvaldomagalhaes.com.br\/index.php\/2020\/04\/20\/penitenciaria-de-tacaimbo-comeca-a-produzir-epis\/","title":{"rendered":"Penitenci\u00e1ria de Tacaimb\u00f3 come\u00e7a a produzir EPIS"},"content":{"rendered":"<p style=\"text-align: justify;\"><span style=\"font-size: inherit;\">A Penitenci\u00e1ria de Tacaimb\u00f3 (PTAC), no Agreste de Pernambuco, iniciou, nesta segunda (20), a produ\u00e7\u00e3o de m\u00e1scaras em TNT para profissionais de sa\u00fade da regi\u00e3o. Seis reeducandos confeccionaram 300 unidades que ser\u00e3o destinadas ao Hospital de Belo Jardim. <\/span><\/p>\n<p style=\"text-align: justify;\"><span style=\"font-size: inherit;\">A doa\u00e7\u00e3o foi da JW estofados. A PTAC, que \u00e9 a oitava unidade prisional de Pernambuco a produzir equipamentos de prote\u00e7\u00e3o individuais, est\u00e1 recebendo doa\u00e7\u00f5es de mat\u00e9ria-prima para produ\u00e7\u00e3o. Contato: Laborterapia (81) 99434 5156<\/span><\/p>\n\n\n<figure class=\"wp-block-image size-large\"><img loading=\"lazy\" decoding=\"async\" width=\"1024\" height=\"768\" src=\"http:\/\/blogdoedvaldomagalhaes.com.br\/wp-content\/uploads\/2020\/04\/IMG-20200420-WA0130-1024x768.jpg\" alt=\"\" class=\"wp-image-54369\" srcset=\"https:\/\/blogdoedvaldomagalhaes.com.br\/wp-content\/uploads\/2020\/04\/IMG-20200420-WA0130-1024x768.jpg 1024w, https:\/\/blogdoedvaldomagalhaes.com.br\/wp-content\/uploads\/2020\/04\/IMG-20200420-WA0130-300x225.jpg 300w, https:\/\/blogdoedvaldomagalhaes.com.br\/wp-content\/uploads\/2020\/04\/IMG-20200420-WA0130-768x576.jpg 768w, https:\/\/blogdoedvaldomagalhaes.com.br\/wp-content\/uploads\/2020\/04\/IMG-20200420-WA0130-160x120.jpg 160w, https:\/\/blogdoedvaldomagalhaes.com.br\/wp-content\/uploads\/2020\/04\/IMG-20200420-WA0130.jpg 1280w\" sizes=\"auto, (max-width: 1024px) 100vw, 1024px\" \/><\/figure>\n","protected":false},"excerpt":{"rendered":"<p>A Penitenci\u00e1ria de Tacaimb\u00f3 (PTAC), no Agreste de Pernambuco, iniciou, nesta segunda (20), a produ\u00e7\u00e3o de m\u00e1scaras em TNT para&hellip;<\/p>\n","protected":false},"author":1,"featured_media":54368,"comment_status":"open","ping_status":"open","sticky":false,"template":"","format":"standard","meta":{"footnotes":""},"categories":[1],"tags":[17868],"class_list":["post-54367","post","type-post","status-publish","format-standard","has-post-thumbnail","hentry","category-sem-categoria","tag-penitenciaria-de-tacaimbo-comeca-a-produzir-epis"],"_links":{"self":[{"href":"https:\/\/blogdoedvaldomagalhaes.com.br\/index.php\/wp-json\/wp\/v2\/posts\/54367","targetHints":{"allow":["GET"]}}],"collection":[{"href":"https:\/\/blogdoedvaldomagalhaes.com.br\/index.php\/wp-json\/wp\/v2\/posts"}],"about":[{"href":"https:\/\/blogdoedvaldomagalhaes.com.br\/index.php\/wp-json\/wp\/v2\/types\/post"}],"author":[{"embeddable":true,"href":"https:\/\/blogdoedvaldomagalhaes.com.br\/index.php\/wp-json\/wp\/v2\/users\/1"}],"replies":[{"embeddable":true,"href":"https:\/\/blogdoedvaldomagalhaes.com.br\/index.php\/wp-json\/wp\/v2\/comments?post=54367"}],"version-history":[{"count":1,"href":"https:\/\/blogdoedvaldomagalhaes.com.br\/index.php\/wp-json\/wp\/v2\/posts\/54367\/revisions"}],"predecessor-version":[{"id":54370,"href":"https:\/\/blogdoedvaldomagalhaes.com.br\/index.php\/wp-json\/wp\/v2\/posts\/54367\/revisions\/54370"}],"wp:featuredmedia":[{"embeddable":true,"href":"https:\/\/blogdoedvaldomagalhaes.com.br\/index.php\/wp-json\/wp\/v2\/media\/54368"}],"wp:attachment":[{"href":"https:\/\/blogdoedvaldomagalhaes.com.br\/index.php\/wp-json\/wp\/v2\/media?parent=54367"}],"wp:term":[{"taxonomy":"category","embeddable":true,"href":"https:\/\/blogdoedvaldomagalhaes.com.br\/index.php\/wp-json\/wp\/v2\/categories?post=54367"},{"taxonomy":"post_tag","embeddable":true,"href":"https:\/\/blogdoedvaldomagalhaes.com.br\/index.php\/wp-json\/wp\/v2\/tags?post=54367"}],"curies":[{"name":"wp","href":"https:\/\/api.w.org\/{rel}","templated":true}]}}