{"id":54364,"date":"2020-04-20T13:01:01","date_gmt":"2020-04-20T16:01:01","guid":{"rendered":"http:\/\/blogdoedvaldomagalhaes.com.br\/?p=54364"},"modified":"2020-04-20T22:30:26","modified_gmt":"2020-04-21T01:30:26","slug":"pernambuco-tem-100-pacientes-recuperados-da-covid-19","status":"publish","type":"post","link":"https:\/\/blogdoedvaldomagalhaes.com.br\/index.php\/2020\/04\/20\/pernambuco-tem-100-pacientes-recuperados-da-covid-19\/","title":{"rendered":"Pernambuco tem 100 pacientes recuperados da Covid-19"},"content":{"rendered":"<p style=\"text-align: justify;\">No boletim desta segunda-feira (20\/04), a Secretaria Estadual de Sa\u00fade (SES-PE) anunciou 231 novos casos da Covid-19 em Pernambuco &#8211; s\u00e3o 2.690 no total. Desses, 1.924 est\u00e3o em isolamento domiciliar e 432 internados, sendo 356 em leitos de enfermaria e 76 em UTI. At\u00e9 agora, 100 pacientes j\u00e1 se recuperaram da doen\u00e7a.<br \/>\n\u2800\u2800\u2800<br \/>\nTamb\u00e9m foram confirmados, por exames, mais 18 \u00f3bitos (10 homens e 8 mulheres, com idades entre 51 e 87 anos). Os falecimentos ocorreram entre os dias 14 e 19 de abril. Ao todo, Pernambuco soma 234 mortes pelo Novo Coronav\u00edrus.<br \/>\n\u2800\u2800\u2800<br \/>\nNeste momento, \u00e9 de extrema import\u00e2ncia redobrar os cuidados com a higiene e, principalmente, respeitar o isolamento social. Apesar de todos os esfor\u00e7os do Governo do Estado para ampliar a rede de atendimento, precisamos da ajuda de todos para retardar o cont\u00e1gio, n\u00e3o sobrecarregar os hospitais e salvar vidas. Segundo estudos, 50% dos cidad\u00e3os est\u00e3o cumprindo o isolamento, enquanto o ideal \u00e9 alcan\u00e7ar 70%. Pernambuco chegou a 99% de ocupa\u00e7\u00e3o dos leitos de UTI para tratamento da Covid-19.<br \/>\n\u2800\u2800\u2800<br \/>\nOs casos confirmados est\u00e3o distribu\u00eddos por 86 munic\u00edpios, al\u00e9m de Fernando de Noronha e outros Estados e pa\u00edses. A rela\u00e7\u00e3o completa dos casos divididos por cidades pode ser encontrada no Boletim da SES, no link: https:\/\/bit.ly\/3av9onL<\/p>\n","protected":false},"excerpt":{"rendered":"<p>No boletim desta segunda-feira (20\/04), a Secretaria Estadual de Sa\u00fade (SES-PE) anunciou 231 novos casos da Covid-19 em Pernambuco &#8211;&hellip;<\/p>\n","protected":false},"author":1,"featured_media":54365,"comment_status":"open","ping_status":"open","sticky":false,"template":"","format":"standard","meta":{"footnotes":""},"categories":[14120],"tags":[16881,17867],"class_list":["post-54364","post","type-post","status-publish","format-standard","has-post-thumbnail","hentry","category-noticias","tag-caruaru-e-regiao","tag-pernambuco-tem-100-pacientes-recuperados-da-covid-19"],"_links":{"self":[{"href":"https:\/\/blogdoedvaldomagalhaes.com.br\/index.php\/wp-json\/wp\/v2\/posts\/54364","targetHints":{"allow":["GET"]}}],"collection":[{"href":"https:\/\/blogdoedvaldomagalhaes.com.br\/index.php\/wp-json\/wp\/v2\/posts"}],"about":[{"href":"https:\/\/blogdoedvaldomagalhaes.com.br\/index.php\/wp-json\/wp\/v2\/types\/post"}],"author":[{"embeddable":true,"href":"https:\/\/blogdoedvaldomagalhaes.com.br\/index.php\/wp-json\/wp\/v2\/users\/1"}],"replies":[{"embeddable":true,"href":"https:\/\/blogdoedvaldomagalhaes.com.br\/index.php\/wp-json\/wp\/v2\/comments?post=54364"}],"version-history":[{"count":2,"href":"https:\/\/blogdoedvaldomagalhaes.com.br\/index.php\/wp-json\/wp\/v2\/posts\/54364\/revisions"}],"predecessor-version":[{"id":54407,"href":"https:\/\/blogdoedvaldomagalhaes.com.br\/index.php\/wp-json\/wp\/v2\/posts\/54364\/revisions\/54407"}],"wp:featuredmedia":[{"embeddable":true,"href":"https:\/\/blogdoedvaldomagalhaes.com.br\/index.php\/wp-json\/wp\/v2\/media\/54365"}],"wp:attachment":[{"href":"https:\/\/blogdoedvaldomagalhaes.com.br\/index.php\/wp-json\/wp\/v2\/media?parent=54364"}],"wp:term":[{"taxonomy":"category","embeddable":true,"href":"https:\/\/blogdoedvaldomagalhaes.com.br\/index.php\/wp-json\/wp\/v2\/categories?post=54364"},{"taxonomy":"post_tag","embeddable":true,"href":"https:\/\/blogdoedvaldomagalhaes.com.br\/index.php\/wp-json\/wp\/v2\/tags?post=54364"}],"curies":[{"name":"wp","href":"https:\/\/api.w.org\/{rel}","templated":true}]}}