{"id":5436,"date":"2017-07-06T10:30:00","date_gmt":"2017-07-06T13:30:00","guid":{"rendered":"http:\/\/blogdoedvaldomagalhaes.com.br\/index.php\/2017\/07\/06\/x-conferencia-municipal-de-saude-tera\/"},"modified":"2019-02-09T01:34:22","modified_gmt":"2019-02-09T03:34:22","slug":"x-conferencia-municipal-de-saude-tera","status":"publish","type":"post","link":"https:\/\/blogdoedvaldomagalhaes.com.br\/index.php\/2017\/07\/06\/x-conferencia-municipal-de-saude-tera\/","title":{"rendered":"X Confer\u00eancia Municipal de Sa\u00fade ter\u00e1 abertura nesta quinta (6)"},"content":{"rendered":"<div class=\"separator\" style=\"clear: both; text-align: center;\">\n<a href=\"https:\/\/1.bp.blogspot.com\/-JtoJ9JMIy4o\/WV4Q398ZMMI\/AAAAAAAAY9o\/Xds480oaB-seYSYBTj1M_4UEZAILI1Q2gCLcBGAs\/s1600\/faculdade.JPG\" imageanchor=\"1\" style=\"margin-left: 1em; margin-right: 1em;\"><img loading=\"lazy\" decoding=\"async\" border=\"0\" data-original-height=\"680\" data-original-width=\"1024\" height=\"265\" src=\"http:\/\/blogdoedvaldomagalhaes.com.br\/wp-content\/uploads\/2017\/07\/faculdade-1.jpg\" width=\"400\" \/><\/a><\/div>\n<div style=\"background: white; margin-bottom: .0001pt; margin: 0cm; text-align: justify; vertical-align: baseline;\">\n<\/div>\n<div style=\"background: white; margin-bottom: .0001pt; margin: 0cm; text-align: justify; vertical-align: baseline;\">\nA Secretaria de Sa\u00fade de Caruaru estar\u00e1 realizando, nos dias 6 e 7<br \/>\nde julho, na Faculdade Maur\u00edcio de Nassau, a X Confer\u00eancia Municipal de Sa\u00fade.<br \/>\nO evento tem como finalidade definir as diretrizes da Pol\u00edtica da Sa\u00fade do<br \/>\nMunic\u00edpio e as propostas que far\u00e3o parte do novo Plano Municipal de Sa\u00fade, que<br \/>\nser\u00e1 executado de 2018 a 2021.<\/div>\n<div style=\"background: white; margin: 0cm 0cm 18pt; outline: 0px; text-align: justify; vertical-align: baseline;\">\nA X Confer\u00eancia tem como tema<br \/>\n\u201dA Sa\u00fade Que Queremos\u201d e ter\u00e1 sua solenidade de abertura, \u00e0s 14h, com<br \/>\napresenta\u00e7\u00e3o musical de Cris Mendes e, logo ap\u00f3s, a mesa de debate ser\u00e1<br \/>\ncomposta pela prefeita Raquel Lyra, a secret\u00e1ria de Sa\u00fade, Ana Maria<br \/>\nAlbuquerque, a presidente do Conselho Municipal de Sa\u00fade e autoridades<br \/>\npresentes.<\/div>\n<div style=\"background: white; margin: 0cm 0cm 18pt; outline: 0px; text-align: justify; vertical-align: baseline;\">\nEntre os objetivos da<br \/>\nConfer\u00eancia, est\u00e3o reafirmar, impulsionar e efetivar os princ\u00edpios e diretrizes<br \/>\ndo Sistema \u00danico de Sa\u00fade \u2013 SUS; mobilizar e estabelecer di\u00e1logos com a<br \/>\nsociedade caruaruense acerca do direito \u00e0 sa\u00fade e em defesa do SUS; fortalecer<br \/>\na participa\u00e7\u00e3o social com representa\u00e7\u00e3o da popula\u00e7\u00e3o caruaruense; avaliar a<br \/>\nsitua\u00e7\u00e3o de sa\u00fade e elaborar propostas a partir das necessidades apresentadas.<\/div>\n<p><\/p>\n<div style=\"background: white; margin: 0cm 0cm 18pt; outline: 0px; text-align: justify; vertical-align: baseline;\">\nO evento \u00e9 resultante de duas<br \/>\netapas, sendo elas: a fase de mobiliza\u00e7\u00e3o, discuss\u00e3o e elei\u00e7\u00e3o de delegados,<br \/>\nque aconteceu, no m\u00eas de junho, com a realiza\u00e7\u00e3o de 78 pr\u00e9-confer\u00eancias em todo<br \/>\no munic\u00edpio. E a etapa da plen\u00e1ria e relat\u00f3rio final, que tem o objetivo de<br \/>\ndebater, aprovar ou rejeitar as propostas que ser\u00e3o apresentadas e votadas<br \/>\npelos delegados e comiss\u00e3o avaliadora, e ser\u00e1 realizada durante os dois dias de<br \/>\nConfer\u00eancia.<\/p>\n<p><\/p>\n<div class=\"separator\" style=\"clear: both; text-align: center;\">\n<a href=\"http:\/\/blogdoedvaldomagalhaes.com.br\/wp-content\/uploads\/2017\/07\/coletivo.jpg\" imageanchor=\"1\" style=\"clear: left; float: left; margin-bottom: 1em; margin-right: 1em;\"><img decoding=\"async\" border=\"0\" data-original-height=\"100\" data-original-width=\"570\" src=\"http:\/\/blogdoedvaldomagalhaes.com.br\/wp-content\/uploads\/2017\/07\/coletivo.jpg\" \/><\/a><\/div>\n<p><\/div>\n","protected":false},"excerpt":{"rendered":"<p>A Secretaria de Sa\u00fade de Caruaru estar\u00e1 realizando, nos dias 6 e 7 de julho, na Faculdade Maur\u00edcio de Nassau,&hellip;<\/p>\n","protected":false},"author":1,"featured_media":0,"comment_status":"open","ping_status":"open","sticky":false,"template":"","format":"standard","meta":{"footnotes":""},"categories":[1],"tags":[5945,2,7231,6,1229,7232],"class_list":["post-5436","post","type-post","status-publish","format-standard","hentry","category-sem-categoria","tag-ana-maria-albuquerque","tag-blog-do-edvaldo-magalhaes","tag-faculdade-mauricio-de-nassau","tag-noticias","tag-raquel-lyra","tag-x-conferencia-municipal-de-saude-tera-abertura-nesta-quinta-6"],"_links":{"self":[{"href":"https:\/\/blogdoedvaldomagalhaes.com.br\/index.php\/wp-json\/wp\/v2\/posts\/5436","targetHints":{"allow":["GET"]}}],"collection":[{"href":"https:\/\/blogdoedvaldomagalhaes.com.br\/index.php\/wp-json\/wp\/v2\/posts"}],"about":[{"href":"https:\/\/blogdoedvaldomagalhaes.com.br\/index.php\/wp-json\/wp\/v2\/types\/post"}],"author":[{"embeddable":true,"href":"https:\/\/blogdoedvaldomagalhaes.com.br\/index.php\/wp-json\/wp\/v2\/users\/1"}],"replies":[{"embeddable":true,"href":"https:\/\/blogdoedvaldomagalhaes.com.br\/index.php\/wp-json\/wp\/v2\/comments?post=5436"}],"version-history":[{"count":1,"href":"https:\/\/blogdoedvaldomagalhaes.com.br\/index.php\/wp-json\/wp\/v2\/posts\/5436\/revisions"}],"predecessor-version":[{"id":21755,"href":"https:\/\/blogdoedvaldomagalhaes.com.br\/index.php\/wp-json\/wp\/v2\/posts\/5436\/revisions\/21755"}],"wp:attachment":[{"href":"https:\/\/blogdoedvaldomagalhaes.com.br\/index.php\/wp-json\/wp\/v2\/media?parent=5436"}],"wp:term":[{"taxonomy":"category","embeddable":true,"href":"https:\/\/blogdoedvaldomagalhaes.com.br\/index.php\/wp-json\/wp\/v2\/categories?post=5436"},{"taxonomy":"post_tag","embeddable":true,"href":"https:\/\/blogdoedvaldomagalhaes.com.br\/index.php\/wp-json\/wp\/v2\/tags?post=5436"}],"curies":[{"name":"wp","href":"https:\/\/api.w.org\/{rel}","templated":true}]}}