{"id":54357,"date":"2020-04-20T11:26:29","date_gmt":"2020-04-20T14:26:29","guid":{"rendered":"http:\/\/blogdoedvaldomagalhaes.com.br\/?p=54357"},"modified":"2020-04-20T11:27:42","modified_gmt":"2020-04-20T14:27:42","slug":"corpo-de-suspeito-e-encontrado-apos-sequestro-e-troca-de-tiros-com-a-policia-em-caruaru","status":"publish","type":"post","link":"https:\/\/blogdoedvaldomagalhaes.com.br\/index.php\/2020\/04\/20\/corpo-de-suspeito-e-encontrado-apos-sequestro-e-troca-de-tiros-com-a-policia-em-caruaru\/","title":{"rendered":"Corpo de suspeito \u00e9 encontrado ap\u00f3s sequestro e troca de tiros com a pol\u00edcia em Caruaru"},"content":{"rendered":"<p style=\"text-align: justify;\">O corpo de um homem com marcas de tiros foi localizado na manh\u00e3 desta segunda-feira (20), \u00e0s margens da BR-232, S\u00edtio P\u00e9 de Serra de S\u00e3o Francisco, zona rural de Caruaru, Agreste de Pernambuco. A Pol\u00edcia Militar fez o isolamento do local para a realiza\u00e7\u00e3o de per\u00edcia.<\/p>\n<p style=\"text-align: justify;\">Na noite de domingo (19), bandidos realizaram um sequestro no bairro Agamenon e ap\u00f3s pagamento de resgate a v\u00edtima foi liberada. Na sequ\u00eancia, policiais do 1\u00ba BIEsp trocaram tiros com os criminosos e o ve\u00edculo da v\u00edtima foi recuperado.<\/p>\n<p style=\"text-align: justify;\">A troca de tiros ocorreu na localidade onde o corpo de Cristiano Flor da Silva, 33 anos, foi localizado. Ele morava no S\u00edtio Jacar\u00e9 de Gon\u00e7alves Ferreira, tamb\u00e9m zona rural de Caruaru. Os policiais tamb\u00e9m encontraram uma arma. Dois suspeitos conseguiram fugir.<\/p>\n<p>Informa\u00e7\u00f5es: Helenivaldo Pereira\/R\u00e1dio Liberdade.<\/p>\n<p>Foto: Renan da Funer\u00e1ria\/Cortesia.<\/p>\n","protected":false},"excerpt":{"rendered":"<p>O corpo de um homem com marcas de tiros foi localizado na manh\u00e3 desta segunda-feira (20), \u00e0s margens da BR-232,&hellip;<\/p>\n","protected":false},"author":1,"featured_media":54358,"comment_status":"open","ping_status":"open","sticky":false,"template":"","format":"standard","meta":{"footnotes":""},"categories":[14121],"tags":[2,16881,17865],"class_list":["post-54357","post","type-post","status-publish","format-standard","has-post-thumbnail","hentry","category-policial","tag-blog-do-edvaldo-magalhaes","tag-caruaru-e-regiao","tag-corpo-de-suspeito-e-encontrado-apos-sequestro-e-troca-de-tiros-com-a-policia-em-caruaru"],"_links":{"self":[{"href":"https:\/\/blogdoedvaldomagalhaes.com.br\/index.php\/wp-json\/wp\/v2\/posts\/54357","targetHints":{"allow":["GET"]}}],"collection":[{"href":"https:\/\/blogdoedvaldomagalhaes.com.br\/index.php\/wp-json\/wp\/v2\/posts"}],"about":[{"href":"https:\/\/blogdoedvaldomagalhaes.com.br\/index.php\/wp-json\/wp\/v2\/types\/post"}],"author":[{"embeddable":true,"href":"https:\/\/blogdoedvaldomagalhaes.com.br\/index.php\/wp-json\/wp\/v2\/users\/1"}],"replies":[{"embeddable":true,"href":"https:\/\/blogdoedvaldomagalhaes.com.br\/index.php\/wp-json\/wp\/v2\/comments?post=54357"}],"version-history":[{"count":2,"href":"https:\/\/blogdoedvaldomagalhaes.com.br\/index.php\/wp-json\/wp\/v2\/posts\/54357\/revisions"}],"predecessor-version":[{"id":54360,"href":"https:\/\/blogdoedvaldomagalhaes.com.br\/index.php\/wp-json\/wp\/v2\/posts\/54357\/revisions\/54360"}],"wp:featuredmedia":[{"embeddable":true,"href":"https:\/\/blogdoedvaldomagalhaes.com.br\/index.php\/wp-json\/wp\/v2\/media\/54358"}],"wp:attachment":[{"href":"https:\/\/blogdoedvaldomagalhaes.com.br\/index.php\/wp-json\/wp\/v2\/media?parent=54357"}],"wp:term":[{"taxonomy":"category","embeddable":true,"href":"https:\/\/blogdoedvaldomagalhaes.com.br\/index.php\/wp-json\/wp\/v2\/categories?post=54357"},{"taxonomy":"post_tag","embeddable":true,"href":"https:\/\/blogdoedvaldomagalhaes.com.br\/index.php\/wp-json\/wp\/v2\/tags?post=54357"}],"curies":[{"name":"wp","href":"https:\/\/api.w.org\/{rel}","templated":true}]}}