{"id":54354,"date":"2020-04-20T10:57:45","date_gmt":"2020-04-20T13:57:45","guid":{"rendered":"http:\/\/blogdoedvaldomagalhaes.com.br\/?p=54354"},"modified":"2020-04-20T10:57:50","modified_gmt":"2020-04-20T13:57:50","slug":"hospital-mestre-vitalino-divulga-boletim-covid-19-nesta-segunda-feira-20","status":"publish","type":"post","link":"https:\/\/blogdoedvaldomagalhaes.com.br\/index.php\/2020\/04\/20\/hospital-mestre-vitalino-divulga-boletim-covid-19-nesta-segunda-feira-20\/","title":{"rendered":"Hospital Mestre Vitalino divulga Boletim Covid-19 nesta segunda-feira (20)"},"content":{"rendered":"<p style=\"text-align: justify;\"><span style=\"font-size: inherit;\">O Hospital Mestre Vitalino atendeu at\u00e9 o momento *18 (dezoito)* pacientes com casos confirmados de infec\u00e7\u00e3o pelo novo coronav\u00edrus (Covid-19).<\/span><\/p>\n<p style=\"text-align: justify;\">\u2022 *03 (tr\u00eas)* foram transferidos para uma unidade de sa\u00fade privada em Recife;<\/p>\n<p style=\"text-align: justify;\">\u2022 *10 (dez)* receberam alta para isolamento domiciliar;<\/p>\n<p style=\"text-align: justify;\">\u2022 *02 (dois)* deles est\u00e3o internados na Cl\u00ednica de Isolamento do HMV, sendo das cidades de Vit\u00f3ria (74) e S\u00e3o Bento do Una (44);<\/p>\n<p style=\"text-align: justify;\">\u2022 *01 (um)* deles est\u00e1 internado na Unidade de Terapia Intensiva do HMV, da cidade de Jo\u00e3o Alfredo (44).<\/p>\n<p style=\"text-align: justify;\">\u2022 *02 (dois)* \u00f3bitos &#8211; pacientes de Vit\u00f3ria de Santo Ant\u00e3o (37 anos) e S\u00e3o Louren\u00e7o da Mata (58 anos).<\/p>\n<p style=\"text-align: justify;\">\n_O paciente de S\u00e3o Louren\u00e7o da Mata (58 anos) veio a \u00f3bito no \u00faltimo s\u00e1bado (18 de abril de 2020)._<\/p>\n","protected":false},"excerpt":{"rendered":"<p>O Hospital Mestre Vitalino atendeu at\u00e9 o momento *18 (dezoito)* pacientes com casos confirmados de infec\u00e7\u00e3o pelo novo coronav\u00edrus (Covid-19).&hellip;<\/p>\n","protected":false},"author":1,"featured_media":54355,"comment_status":"open","ping_status":"open","sticky":false,"template":"","format":"standard","meta":{"footnotes":""},"categories":[14120],"tags":[2,16881,17864],"class_list":["post-54354","post","type-post","status-publish","format-standard","has-post-thumbnail","hentry","category-noticias","tag-blog-do-edvaldo-magalhaes","tag-caruaru-e-regiao","tag-hospital-mestre-vitalino-divulga-boletim-covid-19-nesta-segunda-feira-20"],"_links":{"self":[{"href":"https:\/\/blogdoedvaldomagalhaes.com.br\/index.php\/wp-json\/wp\/v2\/posts\/54354","targetHints":{"allow":["GET"]}}],"collection":[{"href":"https:\/\/blogdoedvaldomagalhaes.com.br\/index.php\/wp-json\/wp\/v2\/posts"}],"about":[{"href":"https:\/\/blogdoedvaldomagalhaes.com.br\/index.php\/wp-json\/wp\/v2\/types\/post"}],"author":[{"embeddable":true,"href":"https:\/\/blogdoedvaldomagalhaes.com.br\/index.php\/wp-json\/wp\/v2\/users\/1"}],"replies":[{"embeddable":true,"href":"https:\/\/blogdoedvaldomagalhaes.com.br\/index.php\/wp-json\/wp\/v2\/comments?post=54354"}],"version-history":[{"count":1,"href":"https:\/\/blogdoedvaldomagalhaes.com.br\/index.php\/wp-json\/wp\/v2\/posts\/54354\/revisions"}],"predecessor-version":[{"id":54356,"href":"https:\/\/blogdoedvaldomagalhaes.com.br\/index.php\/wp-json\/wp\/v2\/posts\/54354\/revisions\/54356"}],"wp:featuredmedia":[{"embeddable":true,"href":"https:\/\/blogdoedvaldomagalhaes.com.br\/index.php\/wp-json\/wp\/v2\/media\/54355"}],"wp:attachment":[{"href":"https:\/\/blogdoedvaldomagalhaes.com.br\/index.php\/wp-json\/wp\/v2\/media?parent=54354"}],"wp:term":[{"taxonomy":"category","embeddable":true,"href":"https:\/\/blogdoedvaldomagalhaes.com.br\/index.php\/wp-json\/wp\/v2\/categories?post=54354"},{"taxonomy":"post_tag","embeddable":true,"href":"https:\/\/blogdoedvaldomagalhaes.com.br\/index.php\/wp-json\/wp\/v2\/tags?post=54354"}],"curies":[{"name":"wp","href":"https:\/\/api.w.org\/{rel}","templated":true}]}}