{"id":54351,"date":"2020-04-19T19:25:32","date_gmt":"2020-04-19T22:25:32","guid":{"rendered":"http:\/\/blogdoedvaldomagalhaes.com.br\/?p=54351"},"modified":"2020-04-19T19:25:36","modified_gmt":"2020-04-19T22:25:36","slug":"festival-curta-taquary-2020-sera-virtual-por-causa-da-covid-19","status":"publish","type":"post","link":"https:\/\/blogdoedvaldomagalhaes.com.br\/index.php\/2020\/04\/19\/festival-curta-taquary-2020-sera-virtual-por-causa-da-covid-19\/","title":{"rendered":"Festival Curta Taquary 2020 ser\u00e1 virtual por causa da Covid-19"},"content":{"rendered":"<p style=\"text-align: justify;\"><span style=\"font-size: inherit;\">Quem pensou que a 13\u00aa edi\u00e7\u00e3o do Festival Curta Taquary n\u00e3o iria acontecer, se enganou. Ela vem todo repaginada, e pela primeira vez acontecer\u00e1 toda on-line. Entre os dias 22 e 25 de abril os amante do cinema poder\u00e3o se deliciar com grandes curtas-metragens de forma virtual. Tal formato veio pelo isolamento\/distanciamento social causado\u00a0<\/span><\/p>\n<p style=\"text-align: justify;\">pela pandemia da Covid-19, e para manter a data e o sucesso de sempre, a coordena\u00e7\u00e3o do Festival decidiu manter a data, e assim, oferecer conte\u00fado diferenciado para quem est\u00e1 em casa. \u201cEsse \u00e9 um per\u00edodo que consideramos ideal para a realiza\u00e7\u00e3o do festival. Entendemos que o isolamento\/distanciamento social \u00e9 a melhor maneira de diminuir a velocidade de cont\u00e1gio do coronav\u00edrus, por isso mudamos a din\u00e2mica do festival e, assim, seremos \u00fateis para a popula\u00e7\u00e3o que est\u00e1 em casa e ter\u00e1 acesso a um excelente conte\u00fado cheio de hist\u00f3ria e cultura\u201d, explicou o coordenador do festival Alexandre Soares.<\/p>\n<p style=\"text-align: justify;\">O 13\u00ba Curta Taquary vem com sete mostrar competitivas, cada uma com dez filmes concorrentes, e outras tr\u00eas mostras n\u00e3o competitivas. Ao todo 744 filmes foram inscritos para o evento deste ano. A partir do dia 22 de abril, os filmes poder\u00e3o ser vistos por meio de links que estar\u00e3o dispon\u00edveis no site do festival (https:\/\/www.curtataquary.com.br\/). Na aba Programa 2020, \u00e9 s\u00f3 procurar a mostra de interesse. Haver\u00e1 uma imagem e uma sinopse de cada filme selecionado, al\u00e9m do link para assistir ao curta.<\/p>\n<p style=\"text-align: justify;\">O corpo de jurados \u00e9 formado por 21 profissionais do audiovisual, atores, diretores, jornalistas e t\u00e9cnicos, que v\u00e3o avaliar os trabalhos nas mostras competitivas. Mas o p\u00fablico tamb\u00e9m poder\u00e1 votar e eleger aquele que vai levar o pr\u00eamio de melhor filme do J\u00fari Popular. \u201cA ideia \u00e9 ter uma enquete para que as pessoas possam expressar a opini\u00e3o no site do festival\u201d, disse o coordenador.<\/p>\n<p style=\"text-align: justify;\">*Homenagem*<br \/>\nO Festival Curta Taquary sempre presta homenagem a algu\u00e9m ou alguma a\u00e7\u00e3o que contribua para o desenvolvimento do audiovisual, especialmente no interior do pa\u00eds. Em 2020, o homenageado ser\u00e1 o Projeto ViA\u00e7\u00e3o Para\u00edba. \u201cO ViA\u00e7\u00e3o Para\u00edba \u00e9 uma a\u00e7\u00e3o para forma\u00e7\u00e3o cr\u00edtica na linguagem cinematogr\u00e1fica, atrav\u00e9s de um minicurso e uma mostra de filmes de curta dura\u00e7\u00e3o, que acontece ao longo de um final de semana em pequenas cidades do interior paraibano\u201d, justificou Alexandre Soares. Coordenado pelo cineasta Torquato Joel, o projeto ViA\u00e7\u00e3o Para\u00edba j\u00e1 percorreu 53 cidades paraibanas desde sua cria\u00e7\u00e3o em 2006. Durante esse per\u00edodo, despertou o surgimento de realizadores cinematogr\u00e1ficos e estimulou a cria\u00e7\u00e3o de mostras e festivais de cinema em pequenas cidades.<\/p>\n","protected":false},"excerpt":{"rendered":"<p>Quem pensou que a 13\u00aa edi\u00e7\u00e3o do Festival Curta Taquary n\u00e3o iria acontecer, se enganou. Ela vem todo repaginada, e&hellip;<\/p>\n","protected":false},"author":1,"featured_media":54352,"comment_status":"open","ping_status":"open","sticky":false,"template":"","format":"standard","meta":{"footnotes":""},"categories":[14120],"tags":[2,16881,17863],"class_list":["post-54351","post","type-post","status-publish","format-standard","has-post-thumbnail","hentry","category-noticias","tag-blog-do-edvaldo-magalhaes","tag-caruaru-e-regiao","tag-festival-curta-taquary-2020-sera-virtual-por-causa-da-covid-19"],"_links":{"self":[{"href":"https:\/\/blogdoedvaldomagalhaes.com.br\/index.php\/wp-json\/wp\/v2\/posts\/54351","targetHints":{"allow":["GET"]}}],"collection":[{"href":"https:\/\/blogdoedvaldomagalhaes.com.br\/index.php\/wp-json\/wp\/v2\/posts"}],"about":[{"href":"https:\/\/blogdoedvaldomagalhaes.com.br\/index.php\/wp-json\/wp\/v2\/types\/post"}],"author":[{"embeddable":true,"href":"https:\/\/blogdoedvaldomagalhaes.com.br\/index.php\/wp-json\/wp\/v2\/users\/1"}],"replies":[{"embeddable":true,"href":"https:\/\/blogdoedvaldomagalhaes.com.br\/index.php\/wp-json\/wp\/v2\/comments?post=54351"}],"version-history":[{"count":1,"href":"https:\/\/blogdoedvaldomagalhaes.com.br\/index.php\/wp-json\/wp\/v2\/posts\/54351\/revisions"}],"predecessor-version":[{"id":54353,"href":"https:\/\/blogdoedvaldomagalhaes.com.br\/index.php\/wp-json\/wp\/v2\/posts\/54351\/revisions\/54353"}],"wp:featuredmedia":[{"embeddable":true,"href":"https:\/\/blogdoedvaldomagalhaes.com.br\/index.php\/wp-json\/wp\/v2\/media\/54352"}],"wp:attachment":[{"href":"https:\/\/blogdoedvaldomagalhaes.com.br\/index.php\/wp-json\/wp\/v2\/media?parent=54351"}],"wp:term":[{"taxonomy":"category","embeddable":true,"href":"https:\/\/blogdoedvaldomagalhaes.com.br\/index.php\/wp-json\/wp\/v2\/categories?post=54351"},{"taxonomy":"post_tag","embeddable":true,"href":"https:\/\/blogdoedvaldomagalhaes.com.br\/index.php\/wp-json\/wp\/v2\/tags?post=54351"}],"curies":[{"name":"wp","href":"https:\/\/api.w.org\/{rel}","templated":true}]}}