{"id":54338,"date":"2020-04-19T11:51:14","date_gmt":"2020-04-19T14:51:14","guid":{"rendered":"http:\/\/blogdoedvaldomagalhaes.com.br\/?p=54338"},"modified":"2020-04-19T16:02:04","modified_gmt":"2020-04-19T19:02:04","slug":"carreata-pro-bolsonaro-e-anti-solamento-neste-domingo-19","status":"publish","type":"post","link":"https:\/\/blogdoedvaldomagalhaes.com.br\/index.php\/2020\/04\/19\/carreata-pro-bolsonaro-e-anti-solamento-neste-domingo-19\/","title":{"rendered":"Carreata pr\u00f3-Bolsonaro e anti-solamento neste domingo (19)"},"content":{"rendered":"<p style=\"text-align: justify;\"><span style=\"font-size: inherit;\">Uma carreata pr\u00f3-presidente Jair Bolsonaro e anti-solamento social est\u00e1 sendo realizada em Bras\u00edlia-DF e em Niter\u00f3i-RJ, neste domingo (19). Em Fortaleza, no Cear\u00e1, foi vista uma manifesta\u00e7\u00e3o nesta manh\u00e3.<\/span><\/p>\n<p style=\"text-align: justify;\">Os manifestantes protestam contra STF, Congresso e governadores. Os apoiadores do presidente Bolsonaro, afirmam que \u00e9 uma campanha com a hashtag: &nbsp;<span style=\"font-size: inherit;\">#querominhabrasiliafeliz<\/span><\/p>\n\n\n<figure class=\"wp-block-image size-large\"><img loading=\"lazy\" decoding=\"async\" width=\"960\" height=\"960\" src=\"http:\/\/blogdoedvaldomagalhaes.com.br\/wp-content\/uploads\/2020\/04\/image.jpeg\" alt=\"\" class=\"wp-image-54342\" srcset=\"https:\/\/blogdoedvaldomagalhaes.com.br\/wp-content\/uploads\/2020\/04\/image.jpeg 960w, https:\/\/blogdoedvaldomagalhaes.com.br\/wp-content\/uploads\/2020\/04\/image-300x300.jpeg 300w, https:\/\/blogdoedvaldomagalhaes.com.br\/wp-content\/uploads\/2020\/04\/image-150x150.jpeg 150w, https:\/\/blogdoedvaldomagalhaes.com.br\/wp-content\/uploads\/2020\/04\/image-768x768.jpeg 768w\" sizes=\"auto, (max-width: 960px) 100vw, 960px\" \/><figcaption>Foto em Fortaleza<\/figcaption><\/figure>\n\n\n\n<figure class=\"wp-block-image size-large\"><img loading=\"lazy\" decoding=\"async\" width=\"1024\" height=\"575\" src=\"http:\/\/blogdoedvaldomagalhaes.com.br\/wp-content\/uploads\/2020\/04\/IMG-20200419-WA0129-1024x575.jpg\" alt=\"\" class=\"wp-image-54344\" srcset=\"https:\/\/blogdoedvaldomagalhaes.com.br\/wp-content\/uploads\/2020\/04\/IMG-20200419-WA0129-1024x575.jpg 1024w, https:\/\/blogdoedvaldomagalhaes.com.br\/wp-content\/uploads\/2020\/04\/IMG-20200419-WA0129-300x168.jpg 300w, https:\/\/blogdoedvaldomagalhaes.com.br\/wp-content\/uploads\/2020\/04\/IMG-20200419-WA0129-768x431.jpg 768w, https:\/\/blogdoedvaldomagalhaes.com.br\/wp-content\/uploads\/2020\/04\/IMG-20200419-WA0129-720x405.jpg 720w, https:\/\/blogdoedvaldomagalhaes.com.br\/wp-content\/uploads\/2020\/04\/IMG-20200419-WA0129.jpg 1040w\" sizes=\"auto, (max-width: 1024px) 100vw, 1024px\" \/><figcaption>Por volta das 11h teve in\u00edcio uma aglomera\u00e7\u00e3o de pessoas no Km 7 da BR 232, no Curado, em Recife, no sentido interior (em frente ao Comando Militar do Nordeste)<\/figcaption><\/figure>\n","protected":false},"excerpt":{"rendered":"<p>Uma carreata pr\u00f3-presidente Jair Bolsonaro e anti-solamento social est\u00e1 sendo realizada em Bras\u00edlia-DF e em Niter\u00f3i-RJ, neste domingo (19). Em&hellip;<\/p>\n","protected":false},"author":1,"featured_media":54339,"comment_status":"open","ping_status":"open","sticky":false,"template":"","format":"standard","meta":{"footnotes":""},"categories":[14120],"tags":[2,17861,16881],"class_list":["post-54338","post","type-post","status-publish","format-standard","has-post-thumbnail","hentry","category-noticias","tag-blog-do-edvaldo-magalhaes","tag-carreata-pro-bolsonaro-e-anti-solamento-neste-domingo-19","tag-caruaru-e-regiao"],"_links":{"self":[{"href":"https:\/\/blogdoedvaldomagalhaes.com.br\/index.php\/wp-json\/wp\/v2\/posts\/54338","targetHints":{"allow":["GET"]}}],"collection":[{"href":"https:\/\/blogdoedvaldomagalhaes.com.br\/index.php\/wp-json\/wp\/v2\/posts"}],"about":[{"href":"https:\/\/blogdoedvaldomagalhaes.com.br\/index.php\/wp-json\/wp\/v2\/types\/post"}],"author":[{"embeddable":true,"href":"https:\/\/blogdoedvaldomagalhaes.com.br\/index.php\/wp-json\/wp\/v2\/users\/1"}],"replies":[{"embeddable":true,"href":"https:\/\/blogdoedvaldomagalhaes.com.br\/index.php\/wp-json\/wp\/v2\/comments?post=54338"}],"version-history":[{"count":5,"href":"https:\/\/blogdoedvaldomagalhaes.com.br\/index.php\/wp-json\/wp\/v2\/posts\/54338\/revisions"}],"predecessor-version":[{"id":54346,"href":"https:\/\/blogdoedvaldomagalhaes.com.br\/index.php\/wp-json\/wp\/v2\/posts\/54338\/revisions\/54346"}],"wp:featuredmedia":[{"embeddable":true,"href":"https:\/\/blogdoedvaldomagalhaes.com.br\/index.php\/wp-json\/wp\/v2\/media\/54339"}],"wp:attachment":[{"href":"https:\/\/blogdoedvaldomagalhaes.com.br\/index.php\/wp-json\/wp\/v2\/media?parent=54338"}],"wp:term":[{"taxonomy":"category","embeddable":true,"href":"https:\/\/blogdoedvaldomagalhaes.com.br\/index.php\/wp-json\/wp\/v2\/categories?post=54338"},{"taxonomy":"post_tag","embeddable":true,"href":"https:\/\/blogdoedvaldomagalhaes.com.br\/index.php\/wp-json\/wp\/v2\/tags?post=54338"}],"curies":[{"name":"wp","href":"https:\/\/api.w.org\/{rel}","templated":true}]}}