{"id":54324,"date":"2020-04-18T23:03:57","date_gmt":"2020-04-19T02:03:57","guid":{"rendered":"http:\/\/blogdoedvaldomagalhaes.com.br\/?p=54324"},"modified":"2020-04-18T23:04:00","modified_gmt":"2020-04-19T02:04:00","slug":"chuva-forte-no-agreste-pe-neste-sabado-18-e-apac-emite-novo-alerta","status":"publish","type":"post","link":"https:\/\/blogdoedvaldomagalhaes.com.br\/index.php\/2020\/04\/18\/chuva-forte-no-agreste-pe-neste-sabado-18-e-apac-emite-novo-alerta\/","title":{"rendered":"Chuva forte no Agreste-PE neste s\u00e1bado (18) e Apac emite novo alerta"},"content":{"rendered":"<p style=\"text-align: justify;\">Na noite deste s\u00e1bado (18), choveu forte em v\u00e1rias regi\u00f5es de Pernambuco. No <span style=\"font-size: inherit;\">Agreste, choveu em todos os munic\u00edpios. O maior ac\u00famulo de \u00e1gua foi em Altinho com 70 mil\u00edmetros, em Caruaru, S\u00e3o Caitano Toritama e Santa Cruz do Capibaribe com quase 50 mm.<\/span><\/p>\n<p style=\"text-align: justify;\">A APAC informa que foi renovado o aviso meteorol\u00f3gico baseado na previs\u00e3o do tempo da Ag\u00eancia Pernambucana de \u00c1guas e Clima que indica chuvas com intensidade moderada a forte nas regi\u00f5es da Mata Sul, Agreste e Sert\u00e3o pernambucano devido a influ\u00eancia da Zona de Converg\u00eancia Intertropical ( ZCIT).<\/p>\n\n\n<figure class=\"wp-block-image size-large\"><img loading=\"lazy\" decoding=\"async\" width=\"750\" height=\"862\" src=\"http:\/\/blogdoedvaldomagalhaes.com.br\/wp-content\/uploads\/2020\/04\/IMG-20200418-WA0199.jpg\" alt=\"\" class=\"wp-image-54326\" srcset=\"https:\/\/blogdoedvaldomagalhaes.com.br\/wp-content\/uploads\/2020\/04\/IMG-20200418-WA0199.jpg 750w, https:\/\/blogdoedvaldomagalhaes.com.br\/wp-content\/uploads\/2020\/04\/IMG-20200418-WA0199-261x300.jpg 261w\" sizes=\"auto, (max-width: 750px) 100vw, 750px\" \/><\/figure>\n","protected":false},"excerpt":{"rendered":"<p>Na noite deste s\u00e1bado (18), choveu forte em v\u00e1rias regi\u00f5es de Pernambuco. No Agreste, choveu em todos os munic\u00edpios. O&hellip;<\/p>\n","protected":false},"author":1,"featured_media":54325,"comment_status":"open","ping_status":"open","sticky":false,"template":"","format":"standard","meta":{"footnotes":""},"categories":[14120],"tags":[2,16881,17859],"class_list":["post-54324","post","type-post","status-publish","format-standard","has-post-thumbnail","hentry","category-noticias","tag-blog-do-edvaldo-magalhaes","tag-caruaru-e-regiao","tag-chuva-forte-no-agreste-pe-neste-sabado-18-e-apac-emite-novo-alerta"],"_links":{"self":[{"href":"https:\/\/blogdoedvaldomagalhaes.com.br\/index.php\/wp-json\/wp\/v2\/posts\/54324","targetHints":{"allow":["GET"]}}],"collection":[{"href":"https:\/\/blogdoedvaldomagalhaes.com.br\/index.php\/wp-json\/wp\/v2\/posts"}],"about":[{"href":"https:\/\/blogdoedvaldomagalhaes.com.br\/index.php\/wp-json\/wp\/v2\/types\/post"}],"author":[{"embeddable":true,"href":"https:\/\/blogdoedvaldomagalhaes.com.br\/index.php\/wp-json\/wp\/v2\/users\/1"}],"replies":[{"embeddable":true,"href":"https:\/\/blogdoedvaldomagalhaes.com.br\/index.php\/wp-json\/wp\/v2\/comments?post=54324"}],"version-history":[{"count":1,"href":"https:\/\/blogdoedvaldomagalhaes.com.br\/index.php\/wp-json\/wp\/v2\/posts\/54324\/revisions"}],"predecessor-version":[{"id":54327,"href":"https:\/\/blogdoedvaldomagalhaes.com.br\/index.php\/wp-json\/wp\/v2\/posts\/54324\/revisions\/54327"}],"wp:featuredmedia":[{"embeddable":true,"href":"https:\/\/blogdoedvaldomagalhaes.com.br\/index.php\/wp-json\/wp\/v2\/media\/54325"}],"wp:attachment":[{"href":"https:\/\/blogdoedvaldomagalhaes.com.br\/index.php\/wp-json\/wp\/v2\/media?parent=54324"}],"wp:term":[{"taxonomy":"category","embeddable":true,"href":"https:\/\/blogdoedvaldomagalhaes.com.br\/index.php\/wp-json\/wp\/v2\/categories?post=54324"},{"taxonomy":"post_tag","embeddable":true,"href":"https:\/\/blogdoedvaldomagalhaes.com.br\/index.php\/wp-json\/wp\/v2\/tags?post=54324"}],"curies":[{"name":"wp","href":"https:\/\/api.w.org\/{rel}","templated":true}]}}