{"id":54321,"date":"2020-04-18T21:48:07","date_gmt":"2020-04-19T00:48:07","guid":{"rendered":"http:\/\/blogdoedvaldomagalhaes.com.br\/?p=54321"},"modified":"2020-04-18T21:48:13","modified_gmt":"2020-04-19T00:48:13","slug":"nota-do-sindloja-sobre-a-prorrogacao-do-fechamento-do-comercio","status":"publish","type":"post","link":"https:\/\/blogdoedvaldomagalhaes.com.br\/index.php\/2020\/04\/18\/nota-do-sindloja-sobre-a-prorrogacao-do-fechamento-do-comercio\/","title":{"rendered":"Nota do Sindloja sobre a prorroga\u00e7\u00e3o do fechamento do com\u00e9rcio"},"content":{"rendered":"<p style=\"text-align: justify;\">A diretoria do Sindicato dos Lojistas do Com\u00e9rcio de Caruaru (Sindloja) entende que a prorroga\u00e7\u00e3o do decreto de fechamento do com\u00e9rcio, determinada ontem (17) pelo Governo de Pernambuco, frusta totalmente a expectativa dos empres\u00e1rios de Caruaru, uma vez que o Sindloja sugeriu uma reabertura gradual adotando v\u00e1rias medidas sanit\u00e1rias e de distanciamento para o combate \u00e0 prolifera\u00e7\u00e3o do novo coronav\u00edrus.\u2063<br \/>\n\u2063<br \/>\nO Sindloja entende ainda que o uso da m\u00e1scara obrigat\u00f3ria para todos em vias p\u00fablicas e as medidas de controle que foram sugeridas seriam mais eficientes do que esse modelo adotado em Pernambuco, onde parte do com\u00e9rcio funciona com a maioria desses estabelecimentos n\u00e3o seguindo as medidas de conten\u00e7\u00e3o e outra parte fechada.\u2063<br \/>\n\u2063<br \/>\nO sindicato n\u00e3o v\u00ea como esse modelo possa funcionar e est\u00e1 preocupado em n\u00e3o contermos a curva de contamina\u00e7\u00e3o, com o perigo de que outra trag\u00e9dia subsequente aconte\u00e7a com milhares de empresas e empregos fechados, gerando uma depress\u00e3o dif\u00edcil de recupera\u00e7\u00e3o.\u2063<\/p>\n","protected":false},"excerpt":{"rendered":"<p>A diretoria do Sindicato dos Lojistas do Com\u00e9rcio de Caruaru (Sindloja) entende que a prorroga\u00e7\u00e3o do decreto de fechamento do&hellip;<\/p>\n","protected":false},"author":1,"featured_media":54322,"comment_status":"open","ping_status":"open","sticky":false,"template":"","format":"standard","meta":{"footnotes":""},"categories":[14120],"tags":[2,16881,17857],"class_list":["post-54321","post","type-post","status-publish","format-standard","has-post-thumbnail","hentry","category-noticias","tag-blog-do-edvaldo-magalhaes","tag-caruaru-e-regiao","tag-nota-do-sindloja-sobre-a-prorrogacao-do-fechamento-do-comercio"],"_links":{"self":[{"href":"https:\/\/blogdoedvaldomagalhaes.com.br\/index.php\/wp-json\/wp\/v2\/posts\/54321","targetHints":{"allow":["GET"]}}],"collection":[{"href":"https:\/\/blogdoedvaldomagalhaes.com.br\/index.php\/wp-json\/wp\/v2\/posts"}],"about":[{"href":"https:\/\/blogdoedvaldomagalhaes.com.br\/index.php\/wp-json\/wp\/v2\/types\/post"}],"author":[{"embeddable":true,"href":"https:\/\/blogdoedvaldomagalhaes.com.br\/index.php\/wp-json\/wp\/v2\/users\/1"}],"replies":[{"embeddable":true,"href":"https:\/\/blogdoedvaldomagalhaes.com.br\/index.php\/wp-json\/wp\/v2\/comments?post=54321"}],"version-history":[{"count":1,"href":"https:\/\/blogdoedvaldomagalhaes.com.br\/index.php\/wp-json\/wp\/v2\/posts\/54321\/revisions"}],"predecessor-version":[{"id":54323,"href":"https:\/\/blogdoedvaldomagalhaes.com.br\/index.php\/wp-json\/wp\/v2\/posts\/54321\/revisions\/54323"}],"wp:featuredmedia":[{"embeddable":true,"href":"https:\/\/blogdoedvaldomagalhaes.com.br\/index.php\/wp-json\/wp\/v2\/media\/54322"}],"wp:attachment":[{"href":"https:\/\/blogdoedvaldomagalhaes.com.br\/index.php\/wp-json\/wp\/v2\/media?parent=54321"}],"wp:term":[{"taxonomy":"category","embeddable":true,"href":"https:\/\/blogdoedvaldomagalhaes.com.br\/index.php\/wp-json\/wp\/v2\/categories?post=54321"},{"taxonomy":"post_tag","embeddable":true,"href":"https:\/\/blogdoedvaldomagalhaes.com.br\/index.php\/wp-json\/wp\/v2\/tags?post=54321"}],"curies":[{"name":"wp","href":"https:\/\/api.w.org\/{rel}","templated":true}]}}