{"id":54318,"date":"2020-04-18T13:59:31","date_gmt":"2020-04-18T16:59:31","guid":{"rendered":"http:\/\/blogdoedvaldomagalhaes.com.br\/?p=54318"},"modified":"2020-04-18T13:59:36","modified_gmt":"2020-04-18T16:59:36","slug":"governo-pe-divulga-mais-19-obitos-e-94-pacientes-recuperados-da-covid-19","status":"publish","type":"post","link":"https:\/\/blogdoedvaldomagalhaes.com.br\/index.php\/2020\/04\/18\/governo-pe-divulga-mais-19-obitos-e-94-pacientes-recuperados-da-covid-19\/","title":{"rendered":"Governo-PE divulga mais 19 \u00f3bitos e 94 pacientes recuperados da Covid-19"},"content":{"rendered":"<p style=\"text-align: justify;\">No informe deste s\u00e1bado (18\/04), a Secretaria Estadual de Sa\u00fade confirmou 187 novos casos da Covid-19, totalizando 2.193 confirma\u00e7\u00f5es em Pernambuco. Tamb\u00e9m foi anunciada a confirma\u00e7\u00e3o laboratorial de 19 \u00f3bitos, ocorridos entre os dias 12 e 17 de abril. Os pacientes foram 12 mulheres e 7 homens, com idades entre 48 e 94 anos. Ao todo, o Estado soma 205 mortes pelo Novo Coronav\u00edrus. Al\u00e9m disso, 94 pacientes j\u00e1 est\u00e3o recuperados da doen\u00e7a. O boletim completo, com os detalhes epidemiol\u00f3gicos, ser\u00e1 divulgado ainda hoje.<\/p>\n","protected":false},"excerpt":{"rendered":"<p>No informe deste s\u00e1bado (18\/04), a Secretaria Estadual de Sa\u00fade confirmou 187 novos casos da Covid-19, totalizando 2.193 confirma\u00e7\u00f5es em&hellip;<\/p>\n","protected":false},"author":1,"featured_media":54319,"comment_status":"open","ping_status":"open","sticky":false,"template":"","format":"standard","meta":{"footnotes":""},"categories":[14120],"tags":[2,16881,17856],"class_list":["post-54318","post","type-post","status-publish","format-standard","has-post-thumbnail","hentry","category-noticias","tag-blog-do-edvaldo-magalhaes","tag-caruaru-e-regiao","tag-governo-pe-divulga-mais-19-obitos-e-94-pacientes-recuperados-da-covid-19"],"_links":{"self":[{"href":"https:\/\/blogdoedvaldomagalhaes.com.br\/index.php\/wp-json\/wp\/v2\/posts\/54318","targetHints":{"allow":["GET"]}}],"collection":[{"href":"https:\/\/blogdoedvaldomagalhaes.com.br\/index.php\/wp-json\/wp\/v2\/posts"}],"about":[{"href":"https:\/\/blogdoedvaldomagalhaes.com.br\/index.php\/wp-json\/wp\/v2\/types\/post"}],"author":[{"embeddable":true,"href":"https:\/\/blogdoedvaldomagalhaes.com.br\/index.php\/wp-json\/wp\/v2\/users\/1"}],"replies":[{"embeddable":true,"href":"https:\/\/blogdoedvaldomagalhaes.com.br\/index.php\/wp-json\/wp\/v2\/comments?post=54318"}],"version-history":[{"count":1,"href":"https:\/\/blogdoedvaldomagalhaes.com.br\/index.php\/wp-json\/wp\/v2\/posts\/54318\/revisions"}],"predecessor-version":[{"id":54320,"href":"https:\/\/blogdoedvaldomagalhaes.com.br\/index.php\/wp-json\/wp\/v2\/posts\/54318\/revisions\/54320"}],"wp:featuredmedia":[{"embeddable":true,"href":"https:\/\/blogdoedvaldomagalhaes.com.br\/index.php\/wp-json\/wp\/v2\/media\/54319"}],"wp:attachment":[{"href":"https:\/\/blogdoedvaldomagalhaes.com.br\/index.php\/wp-json\/wp\/v2\/media?parent=54318"}],"wp:term":[{"taxonomy":"category","embeddable":true,"href":"https:\/\/blogdoedvaldomagalhaes.com.br\/index.php\/wp-json\/wp\/v2\/categories?post=54318"},{"taxonomy":"post_tag","embeddable":true,"href":"https:\/\/blogdoedvaldomagalhaes.com.br\/index.php\/wp-json\/wp\/v2\/tags?post=54318"}],"curies":[{"name":"wp","href":"https:\/\/api.w.org\/{rel}","templated":true}]}}