{"id":54271,"date":"2020-04-17T12:58:24","date_gmt":"2020-04-17T15:58:24","guid":{"rendered":"http:\/\/blogdoedvaldomagalhaes.com.br\/?p=54271"},"modified":"2020-04-17T12:58:26","modified_gmt":"2020-04-17T15:58:26","slug":"secretaria-de-saude-pe-divulga-mais-de-2-mil-casos-de-covid-19-e-186-obitos-no-estado","status":"publish","type":"post","link":"https:\/\/blogdoedvaldomagalhaes.com.br\/index.php\/2020\/04\/17\/secretaria-de-saude-pe-divulga-mais-de-2-mil-casos-de-covid-19-e-186-obitos-no-estado\/","title":{"rendered":"Secretaria de Sa\u00fade-PE divulga mais de 2 mil casos de Covid-19 e 186 \u00f3bitos no Estado"},"content":{"rendered":"<p style=\"text-align: justify;\">No informe desta sexta-feira (17\/04), a Secretaria Estadual de Sa\u00fade (SES-PE) confirmou 323 novos casos da Covid-19, totalizando 2.006.<\/p>\n<p style=\"text-align: justify;\">Tamb\u00e9m foi anunciada a confirma\u00e7\u00e3o laboratorial de mais 26 \u00f3bitos, somando 186 mortes pelo Novo Coronav\u00edrus no Estado. O boletim completo, com os detalhes epidemiol\u00f3gicos, ser\u00e1 divulgado ainda hoje, continue acessando o Blog, que faremos a publica\u00e7\u00e3o logo mais.<\/p>\n","protected":false},"excerpt":{"rendered":"<p>No informe desta sexta-feira (17\/04), a Secretaria Estadual de Sa\u00fade (SES-PE) confirmou 323 novos casos da Covid-19, totalizando 2.006. Tamb\u00e9m&hellip;<\/p>\n","protected":false},"author":1,"featured_media":54272,"comment_status":"open","ping_status":"open","sticky":false,"template":"","format":"standard","meta":{"footnotes":""},"categories":[14120],"tags":[2,16881,17846],"class_list":["post-54271","post","type-post","status-publish","format-standard","has-post-thumbnail","hentry","category-noticias","tag-blog-do-edvaldo-magalhaes","tag-caruaru-e-regiao","tag-secretaria-de-saude-pe-divulga-mais-de-2-mil-casos-de-covid-19-e-186-obitos-no-estado"],"_links":{"self":[{"href":"https:\/\/blogdoedvaldomagalhaes.com.br\/index.php\/wp-json\/wp\/v2\/posts\/54271","targetHints":{"allow":["GET"]}}],"collection":[{"href":"https:\/\/blogdoedvaldomagalhaes.com.br\/index.php\/wp-json\/wp\/v2\/posts"}],"about":[{"href":"https:\/\/blogdoedvaldomagalhaes.com.br\/index.php\/wp-json\/wp\/v2\/types\/post"}],"author":[{"embeddable":true,"href":"https:\/\/blogdoedvaldomagalhaes.com.br\/index.php\/wp-json\/wp\/v2\/users\/1"}],"replies":[{"embeddable":true,"href":"https:\/\/blogdoedvaldomagalhaes.com.br\/index.php\/wp-json\/wp\/v2\/comments?post=54271"}],"version-history":[{"count":1,"href":"https:\/\/blogdoedvaldomagalhaes.com.br\/index.php\/wp-json\/wp\/v2\/posts\/54271\/revisions"}],"predecessor-version":[{"id":54273,"href":"https:\/\/blogdoedvaldomagalhaes.com.br\/index.php\/wp-json\/wp\/v2\/posts\/54271\/revisions\/54273"}],"wp:featuredmedia":[{"embeddable":true,"href":"https:\/\/blogdoedvaldomagalhaes.com.br\/index.php\/wp-json\/wp\/v2\/media\/54272"}],"wp:attachment":[{"href":"https:\/\/blogdoedvaldomagalhaes.com.br\/index.php\/wp-json\/wp\/v2\/media?parent=54271"}],"wp:term":[{"taxonomy":"category","embeddable":true,"href":"https:\/\/blogdoedvaldomagalhaes.com.br\/index.php\/wp-json\/wp\/v2\/categories?post=54271"},{"taxonomy":"post_tag","embeddable":true,"href":"https:\/\/blogdoedvaldomagalhaes.com.br\/index.php\/wp-json\/wp\/v2\/tags?post=54271"}],"curies":[{"name":"wp","href":"https:\/\/api.w.org\/{rel}","templated":true}]}}