{"id":54265,"date":"2020-04-16T23:15:10","date_gmt":"2020-04-17T02:15:10","guid":{"rendered":"http:\/\/blogdoedvaldomagalhaes.com.br\/?p=54265"},"modified":"2020-04-16T23:15:13","modified_gmt":"2020-04-17T02:15:13","slug":"secretaria-de-saude-de-caruaru-divulga-mais-um-caso-de-covid-19-e-mais-uma-morte-nesta-quinta-16","status":"publish","type":"post","link":"https:\/\/blogdoedvaldomagalhaes.com.br\/index.php\/2020\/04\/16\/secretaria-de-saude-de-caruaru-divulga-mais-um-caso-de-covid-19-e-mais-uma-morte-nesta-quinta-16\/","title":{"rendered":"Secretaria de Sa\u00fade de Caruaru divulga mais um caso de Covid-19 e mais uma morte nesta quinta (16)"},"content":{"rendered":"<p style=\"text-align: justify;\"><span style=\"font-size: inherit;\">NOTA OFICIAL<\/span><\/p>\n<p style=\"text-align: justify;\"><span style=\"font-size: inherit;\">A Secretaria de Sa\u00fade de Caruaru confirma mais um caso de Covid-19 e uma morte no munic\u00edpio, na noite desta quinta-feira (16). O \u00f3bito foi de um paciente de 77 anos, que estava internado na UTI, e era portador de doen\u00e7a renal. At\u00e9 o momento, Caruaru confirma 13 casos da doen\u00e7a, incluindo duas mortes.<\/span><\/p>\n","protected":false},"excerpt":{"rendered":"<p>NOTA OFICIAL A Secretaria de Sa\u00fade de Caruaru confirma mais um caso de Covid-19 e uma morte no munic\u00edpio, na&hellip;<\/p>\n","protected":false},"author":1,"featured_media":54266,"comment_status":"open","ping_status":"open","sticky":false,"template":"","format":"standard","meta":{"footnotes":""},"categories":[14120],"tags":[16881,17843],"class_list":["post-54265","post","type-post","status-publish","format-standard","has-post-thumbnail","hentry","category-noticias","tag-caruaru-e-regiao","tag-secretaria-de-saude-de-caruaru-divulga-mais-um-caso-de-covid-19-e-mais-uma-morte-nesta-quinta-16"],"_links":{"self":[{"href":"https:\/\/blogdoedvaldomagalhaes.com.br\/index.php\/wp-json\/wp\/v2\/posts\/54265","targetHints":{"allow":["GET"]}}],"collection":[{"href":"https:\/\/blogdoedvaldomagalhaes.com.br\/index.php\/wp-json\/wp\/v2\/posts"}],"about":[{"href":"https:\/\/blogdoedvaldomagalhaes.com.br\/index.php\/wp-json\/wp\/v2\/types\/post"}],"author":[{"embeddable":true,"href":"https:\/\/blogdoedvaldomagalhaes.com.br\/index.php\/wp-json\/wp\/v2\/users\/1"}],"replies":[{"embeddable":true,"href":"https:\/\/blogdoedvaldomagalhaes.com.br\/index.php\/wp-json\/wp\/v2\/comments?post=54265"}],"version-history":[{"count":1,"href":"https:\/\/blogdoedvaldomagalhaes.com.br\/index.php\/wp-json\/wp\/v2\/posts\/54265\/revisions"}],"predecessor-version":[{"id":54267,"href":"https:\/\/blogdoedvaldomagalhaes.com.br\/index.php\/wp-json\/wp\/v2\/posts\/54265\/revisions\/54267"}],"wp:featuredmedia":[{"embeddable":true,"href":"https:\/\/blogdoedvaldomagalhaes.com.br\/index.php\/wp-json\/wp\/v2\/media\/54266"}],"wp:attachment":[{"href":"https:\/\/blogdoedvaldomagalhaes.com.br\/index.php\/wp-json\/wp\/v2\/media?parent=54265"}],"wp:term":[{"taxonomy":"category","embeddable":true,"href":"https:\/\/blogdoedvaldomagalhaes.com.br\/index.php\/wp-json\/wp\/v2\/categories?post=54265"},{"taxonomy":"post_tag","embeddable":true,"href":"https:\/\/blogdoedvaldomagalhaes.com.br\/index.php\/wp-json\/wp\/v2\/tags?post=54265"}],"curies":[{"name":"wp","href":"https:\/\/api.w.org\/{rel}","templated":true}]}}