{"id":5426,"date":"2017-07-07T17:38:00","date_gmt":"2017-07-07T20:38:00","guid":{"rendered":"http:\/\/blogdoedvaldomagalhaes.com.br\/index.php\/2017\/07\/07\/cdl-caruaru-anuncia-vencedores-do_7\/"},"modified":"2019-02-09T01:34:29","modified_gmt":"2019-02-09T03:34:29","slug":"cdl-caruaru-anuncia-vencedores-do_7","status":"publish","type":"post","link":"https:\/\/blogdoedvaldomagalhaes.com.br\/index.php\/2017\/07\/07\/cdl-caruaru-anuncia-vencedores-do_7\/","title":{"rendered":"CDL Caruaru anuncia vencedores do concurso de Loja Junina"},"content":{"rendered":"<div class=\"separator\" style=\"clear: both; text-align: center;\">\n<a href=\"https:\/\/3.bp.blogspot.com\/-gLAlDrGoujs\/WV_GvTOycSI\/AAAAAAAAZB4\/mgYo8cqA-L0AWqi7R0lYKiz8y4Ed6IKsACLcBGAs\/s1600\/cdl%2B1.jpg\" imageanchor=\"1\" style=\"margin-left: 1em; margin-right: 1em;\"><img loading=\"lazy\" decoding=\"async\" border=\"0\" data-original-height=\"638\" data-original-width=\"957\" height=\"266\" src=\"http:\/\/blogdoedvaldomagalhaes.com.br\/wp-content\/uploads\/2017\/07\/cdl1.jpg\" width=\"400\" \/><\/a><\/div>\n<div class=\"MsoNormal\" style=\"text-align: justify;\">\n<\/div>\n<div class=\"MsoNormal\" style=\"text-align: justify;\">\n<\/div>\n<div class=\"MsoNormal\" style=\"text-align: justify;\">\nNa noite dessa quinta-feira (6), a C\u00e2mara dos Dirigentes Lojistas de Caruaru (CDL) realizou<br \/>\nAssembleia Geral Extraordin\u00e1ria, que contou com a presen\u00e7a de membros da<br \/>\ndiretoria, s\u00f3cios e convidados. Em pauta, homenagem ao ex-presidente da<br \/>\nentidade Djalma Farias Cintra, posse de novo s\u00f3cio efetivo, al\u00e9m do an\u00fancio dos<br \/>\nnomes das tr\u00eas lojas vencedoras do concurso de Loja Junina. A noite culminou<br \/>\ncom um jantar servido no sal\u00e3o de eventos da entidade.<\/p>\n<div class=\"separator\" style=\"clear: both; text-align: center;\">\n<a href=\"https:\/\/1.bp.blogspot.com\/-lJn-VB5NqRQ\/WV_HjTuU8VI\/AAAAAAAAZB8\/rdmLlOGVZt48jmeS92-0naT8HFMZ9KiswCLcBGAs\/s1600\/cdl.jpg\" imageanchor=\"1\" style=\"margin-left: 1em; margin-right: 1em;\"><img loading=\"lazy\" decoding=\"async\" border=\"0\" data-original-height=\"638\" data-original-width=\"957\" height=\"266\" src=\"http:\/\/blogdoedvaldomagalhaes.com.br\/wp-content\/uploads\/2017\/07\/cdl-1.jpg\" width=\"400\" \/><\/a><\/div>\n<p><\/div>\n<div class=\"MsoNormal\" style=\"text-align: justify;\">\nToda a programa\u00e7\u00e3o come\u00e7ou<br \/>\nna Galeria dos Presidentes, quando o presidente M\u00e1rcio Porto, convidou o<br \/>\nempres\u00e1rio Djalma Farias Cintra para descerrar uma fotografia em sua homenagem. O ato foi<br \/>\nacompanhado por outros membros da diretoria da CDL.<\/p>\n<\/div>\n<div class=\"MsoNormal\" style=\"text-align: justify;\">\nLogo em seguida, foi a vez<br \/>\nde empossar o novo s\u00f3cio efetivo da entidade, o empres\u00e1rio Jos\u00e9 Alberto Feitosa<br \/>\nGuilherme de Azevedo Lira, da empresa AGS Refrigera\u00e7\u00e3o Comercial, que foi<br \/>\napadrinhado pelo s\u00f3cio D\u00e1cio Esp\u00f3sito. No agradecimento, ele evidenciou a<br \/>\ntradi\u00e7\u00e3o da fam\u00edlia na \u00e1rea comercial e agradeceu a esposa pelo apoio<br \/>\nconstante. \u201cFazer parte dessa entidade t\u00e3o respeitada \u00e9 a prova que o meu<br \/>\ntrabalho a frente da AGS est\u00e1 no rumo certo\u201d, completou Jos\u00e9 Alberto.<\/p>\n<div class=\"separator\" style=\"clear: both; text-align: center;\">\n<a href=\"https:\/\/2.bp.blogspot.com\/-xpOzZc53evg\/WV_H3i4DqNI\/AAAAAAAAZCA\/HTdoghZMKr8aq_t0LzlDpUfZgt0WT-T2QCEwYBhgL\/s1600\/2.jpg\" imageanchor=\"1\" style=\"margin-left: 1em; margin-right: 1em;\"><img loading=\"lazy\" decoding=\"async\" border=\"0\" data-original-height=\"638\" data-original-width=\"957\" height=\"266\" src=\"http:\/\/blogdoedvaldomagalhaes.com.br\/wp-content\/uploads\/2017\/07\/2.jpg\" width=\"400\" \/><\/a><\/div>\n<p><\/div>\n<div class=\"MsoNormal\" style=\"text-align: justify;\">\nDepois do protocolo, a<br \/>\naten\u00e7\u00e3o do p\u00fablico presente se voltou para o an\u00fancio dos nomes das tr\u00eas lojas<br \/>\nvencedoras do concurso de Loja Junina. A diretora de eventos da CDL Caruaru<br \/>\nPaula Costa, ficou encarregada da tarefa. Em terceiro lugar ficou Rosa Doceira,<br \/>\nrepresentada por Rosimar Lira; em segundo a Princesa do Agreste, representada<br \/>\npor Jos\u00e9 Enoque das Neves e a grande vencedora foi a P\u00e3es e Del\u00edcias, representada<br \/>\npor Rildete Efig\u00eania.<\/div>\n<p><\/p>\n<div class=\"MsoNormal\" style=\"text-align: justify;\">\nJunto ao trof\u00e9u, as lojas<br \/>\nvencedoras levaram premia\u00e7\u00e3o em dinheiro: R$ 1.500 mil para a primeira<br \/>\ncolocada, R$ 900 para a segunda e R$ 600 para a terceira.<\/p>\n<div class=\"separator\" style=\"clear: both; text-align: center;\">\n<a href=\"http:\/\/blogdoedvaldomagalhaes.com.br\/wp-content\/uploads\/2017\/07\/4-C393tica-6.jpg\" imageanchor=\"1\" style=\"clear: left; float: left; margin-bottom: 1em; margin-right: 1em;\"><img decoding=\"async\" border=\"0\" data-original-height=\"100\" data-original-width=\"570\" src=\"http:\/\/blogdoedvaldomagalhaes.com.br\/wp-content\/uploads\/2017\/07\/4-C393tica-6.jpg\" \/><\/a><\/div>\n<p><\/div>\n","protected":false},"excerpt":{"rendered":"<p>Na noite dessa quinta-feira (6), a C\u00e2mara dos Dirigentes Lojistas de Caruaru (CDL) realizou Assembleia Geral Extraordin\u00e1ria, que contou com&hellip;<\/p>\n","protected":false},"author":1,"featured_media":0,"comment_status":"open","ping_status":"open","sticky":false,"template":"","format":"standard","meta":{"footnotes":""},"categories":[1],"tags":[2,7208,7209,5212,6,7210],"class_list":["post-5426","post","type-post","status-publish","format-standard","hentry","category-sem-categoria","tag-blog-do-edvaldo-magalhaes","tag-cdl-caruaru-anuncia-vencedores-do-concurso-de-loja-junina","tag-djalma-farias-cintra","tag-marcio-porto","tag-noticias","tag-rildete-efigenia"],"_links":{"self":[{"href":"https:\/\/blogdoedvaldomagalhaes.com.br\/index.php\/wp-json\/wp\/v2\/posts\/5426","targetHints":{"allow":["GET"]}}],"collection":[{"href":"https:\/\/blogdoedvaldomagalhaes.com.br\/index.php\/wp-json\/wp\/v2\/posts"}],"about":[{"href":"https:\/\/blogdoedvaldomagalhaes.com.br\/index.php\/wp-json\/wp\/v2\/types\/post"}],"author":[{"embeddable":true,"href":"https:\/\/blogdoedvaldomagalhaes.com.br\/index.php\/wp-json\/wp\/v2\/users\/1"}],"replies":[{"embeddable":true,"href":"https:\/\/blogdoedvaldomagalhaes.com.br\/index.php\/wp-json\/wp\/v2\/comments?post=5426"}],"version-history":[{"count":1,"href":"https:\/\/blogdoedvaldomagalhaes.com.br\/index.php\/wp-json\/wp\/v2\/posts\/5426\/revisions"}],"predecessor-version":[{"id":21791,"href":"https:\/\/blogdoedvaldomagalhaes.com.br\/index.php\/wp-json\/wp\/v2\/posts\/5426\/revisions\/21791"}],"wp:attachment":[{"href":"https:\/\/blogdoedvaldomagalhaes.com.br\/index.php\/wp-json\/wp\/v2\/media?parent=5426"}],"wp:term":[{"taxonomy":"category","embeddable":true,"href":"https:\/\/blogdoedvaldomagalhaes.com.br\/index.php\/wp-json\/wp\/v2\/categories?post=5426"},{"taxonomy":"post_tag","embeddable":true,"href":"https:\/\/blogdoedvaldomagalhaes.com.br\/index.php\/wp-json\/wp\/v2\/tags?post=5426"}],"curies":[{"name":"wp","href":"https:\/\/api.w.org\/{rel}","templated":true}]}}