{"id":54258,"date":"2020-04-16T23:08:36","date_gmt":"2020-04-17T02:08:36","guid":{"rendered":"http:\/\/blogdoedvaldomagalhaes.com.br\/?p=54258"},"modified":"2020-04-16T23:08:37","modified_gmt":"2020-04-17T02:08:37","slug":"prf-localiza-deposito-de-mercadorias-roubadas-no-agreste-de-pernambuco","status":"publish","type":"post","link":"https:\/\/blogdoedvaldomagalhaes.com.br\/index.php\/2020\/04\/16\/prf-localiza-deposito-de-mercadorias-roubadas-no-agreste-de-pernambuco\/","title":{"rendered":"PRF localiza dep\u00f3sito de mercadorias roubadas no Agreste de Pernambuco"},"content":{"rendered":"<p style=\"text-align: justify;\"><span style=\"font-size: inherit;\">Um dep\u00f3sito com cerca de 16 toneladas de alimentos, bebidas e produtos de limpeza roubados foi descoberto nesta quinta-feira (16), pela Pol\u00edcia Rodovi\u00e1ria Federal (PRF), em Casinhas, no Agreste de Pernambuco. O local era abastecido por um grupo de assaltantes, que foi detido na a\u00e7\u00e3o.<\/span><\/p>\n<p style=\"text-align: justify;\">Policiais do Servi\u00e7o de Opera\u00e7\u00f5es Especiais e da Base de Opera\u00e7\u00f5es A\u00e9reas da PRF realizavam uma a\u00e7\u00e3o de combate ao crime na BR 232, em Gravat\u00e1, quando abordaram um carro ocupado por quatro homens. Ap\u00f3s um procedimento de identifica\u00e7\u00e3o, a equipe constatou que o ve\u00edculo era adulterado e encontrou um rev\u00f3lver no interior do autom\u00f3vel.<\/p>\n<p style=\"text-align: justify;\">Um dos ocupantes do ve\u00edculo admitiu que o grupo praticava assaltos e informou o local onde as mercadorias eram guardadas. Ao chegar no munic\u00edpio de Casinhas, os policiais encontraram o dep\u00f3sito abandonado, mas populares informaram que a 50 metros do local havia um mercado que comercializava os produtos roubados.<\/p>\n<p style=\"text-align: justify;\">A equipe foi at\u00e9 o mercado, mas o propriet\u00e1rio conseguiu fugir pelos fundos do estabelecimento. A a\u00e7\u00e3o contou com o apoio do Departamento de Repress\u00e3o aos Crimes Patrimoniais (Depatri), que foi at\u00e9 o dep\u00f3sito para investigar o caso. O grupo detido \u00e9 suspeito de roubar uma carga de um supermercado do Recife, na \u00faltima ter\u00e7a-feira (14).<\/p>\n","protected":false},"excerpt":{"rendered":"<p>Um dep\u00f3sito com cerca de 16 toneladas de alimentos, bebidas e produtos de limpeza roubados foi descoberto nesta quinta-feira (16),&hellip;<\/p>\n","protected":false},"author":1,"featured_media":54259,"comment_status":"open","ping_status":"open","sticky":false,"template":"","format":"standard","meta":{"footnotes":""},"categories":[14121],"tags":[16881,17842],"class_list":["post-54258","post","type-post","status-publish","format-standard","has-post-thumbnail","hentry","category-policial","tag-caruaru-e-regiao","tag-prf-localiza-deposito-de-mercadorias-roubadas-no-agreste-de-pernambuco"],"_links":{"self":[{"href":"https:\/\/blogdoedvaldomagalhaes.com.br\/index.php\/wp-json\/wp\/v2\/posts\/54258","targetHints":{"allow":["GET"]}}],"collection":[{"href":"https:\/\/blogdoedvaldomagalhaes.com.br\/index.php\/wp-json\/wp\/v2\/posts"}],"about":[{"href":"https:\/\/blogdoedvaldomagalhaes.com.br\/index.php\/wp-json\/wp\/v2\/types\/post"}],"author":[{"embeddable":true,"href":"https:\/\/blogdoedvaldomagalhaes.com.br\/index.php\/wp-json\/wp\/v2\/users\/1"}],"replies":[{"embeddable":true,"href":"https:\/\/blogdoedvaldomagalhaes.com.br\/index.php\/wp-json\/wp\/v2\/comments?post=54258"}],"version-history":[{"count":1,"href":"https:\/\/blogdoedvaldomagalhaes.com.br\/index.php\/wp-json\/wp\/v2\/posts\/54258\/revisions"}],"predecessor-version":[{"id":54264,"href":"https:\/\/blogdoedvaldomagalhaes.com.br\/index.php\/wp-json\/wp\/v2\/posts\/54258\/revisions\/54264"}],"wp:featuredmedia":[{"embeddable":true,"href":"https:\/\/blogdoedvaldomagalhaes.com.br\/index.php\/wp-json\/wp\/v2\/media\/54259"}],"wp:attachment":[{"href":"https:\/\/blogdoedvaldomagalhaes.com.br\/index.php\/wp-json\/wp\/v2\/media?parent=54258"}],"wp:term":[{"taxonomy":"category","embeddable":true,"href":"https:\/\/blogdoedvaldomagalhaes.com.br\/index.php\/wp-json\/wp\/v2\/categories?post=54258"},{"taxonomy":"post_tag","embeddable":true,"href":"https:\/\/blogdoedvaldomagalhaes.com.br\/index.php\/wp-json\/wp\/v2\/tags?post=54258"}],"curies":[{"name":"wp","href":"https:\/\/api.w.org\/{rel}","templated":true}]}}