{"id":54255,"date":"2020-04-16T20:58:59","date_gmt":"2020-04-16T23:58:59","guid":{"rendered":"http:\/\/blogdoedvaldomagalhaes.com.br\/?p=54255"},"modified":"2020-04-16T20:59:02","modified_gmt":"2020-04-16T23:59:02","slug":"pmb-e-mais-um-partido-a-declarar-apoio-a-raffie","status":"publish","type":"post","link":"https:\/\/blogdoedvaldomagalhaes.com.br\/index.php\/2020\/04\/16\/pmb-e-mais-um-partido-a-declarar-apoio-a-raffie\/","title":{"rendered":"PMB \u00e9 mais um partido a declarar apoio \u00e0 Raffi\u00ea"},"content":{"rendered":"<p style=\"text-align: justify;\"><span style=\"font-size: inherit;\">O Partido da Mulher Brasileira (PMB) \u00e9 mais uma legenda a declarar apoio \u00e0 pr\u00e9-candidatura \u00e0 Prefeito de Raffi\u00ea Dellon (PSD). Agora a futura coliga\u00e7\u00e3o majorit\u00e1ria de Raffi\u00ea j\u00e1 conta com seis partidos: PSD, Solidariedade, PV, PTC, Democracia Crist\u00e3 e PMB. A defini\u00e7\u00e3o ocorreu em reuni\u00e3o do jovem caruaruense com o presidente estadual da legenda, Wedson Reis.<\/span><\/p>\n<p style=\"text-align: justify;\">Quem assume a presid\u00eancia do PMB em Caruaru \u00e9 a Professora Marcileide Soares, que at\u00e9 o in\u00edcio do ano era gestora da Escola Dom Vital: \u201cEstamos juntos desse projeto verdadeiramente novo em prol de Caruaru que representa a pr\u00e9-candidatura de Raffi\u00ea. Fiquei muito feliz pelo convite e pelo reconhecimento.\u201d, comentou Marcileide.<\/p>\n<p style=\"text-align: justify;\">O empres\u00e1rio Neno Porto ser\u00e1 o vice-presidente municipal da legenda. \u201cA Professora Marcileide representa uma das maiores refer\u00eancias da educa\u00e7\u00e3o do Estado de Pernambuco, e Neno, re\u00fane todos os atributos de uma pessoa coerente, preparado e lutador. Agrade\u00e7o demais a confian\u00e7a desse grupo.\u201d, pontuou Raffi\u00ea, que com a confirma\u00e7\u00e3o do apoio do PMB, caminha para ser o pr\u00e9-candidato a Prefeito com o maior n\u00famero de partidos da elei\u00e7\u00e3o no campo da oposi\u00e7\u00e3o em Caruaru.<\/p>\n","protected":false},"excerpt":{"rendered":"<p>O Partido da Mulher Brasileira (PMB) \u00e9 mais uma legenda a declarar apoio \u00e0 pr\u00e9-candidatura \u00e0 Prefeito de Raffi\u00ea Dellon&hellip;<\/p>\n","protected":false},"author":1,"featured_media":54256,"comment_status":"open","ping_status":"open","sticky":false,"template":"","format":"standard","meta":{"footnotes":""},"categories":[14122],"tags":[2,16881,17841],"class_list":["post-54255","post","type-post","status-publish","format-standard","has-post-thumbnail","hentry","category-politica","tag-blog-do-edvaldo-magalhaes","tag-caruaru-e-regiao","tag-pmb-e-mais-um-partido-a-declarar-apoio-a-raffie"],"_links":{"self":[{"href":"https:\/\/blogdoedvaldomagalhaes.com.br\/index.php\/wp-json\/wp\/v2\/posts\/54255","targetHints":{"allow":["GET"]}}],"collection":[{"href":"https:\/\/blogdoedvaldomagalhaes.com.br\/index.php\/wp-json\/wp\/v2\/posts"}],"about":[{"href":"https:\/\/blogdoedvaldomagalhaes.com.br\/index.php\/wp-json\/wp\/v2\/types\/post"}],"author":[{"embeddable":true,"href":"https:\/\/blogdoedvaldomagalhaes.com.br\/index.php\/wp-json\/wp\/v2\/users\/1"}],"replies":[{"embeddable":true,"href":"https:\/\/blogdoedvaldomagalhaes.com.br\/index.php\/wp-json\/wp\/v2\/comments?post=54255"}],"version-history":[{"count":1,"href":"https:\/\/blogdoedvaldomagalhaes.com.br\/index.php\/wp-json\/wp\/v2\/posts\/54255\/revisions"}],"predecessor-version":[{"id":54257,"href":"https:\/\/blogdoedvaldomagalhaes.com.br\/index.php\/wp-json\/wp\/v2\/posts\/54255\/revisions\/54257"}],"wp:featuredmedia":[{"embeddable":true,"href":"https:\/\/blogdoedvaldomagalhaes.com.br\/index.php\/wp-json\/wp\/v2\/media\/54256"}],"wp:attachment":[{"href":"https:\/\/blogdoedvaldomagalhaes.com.br\/index.php\/wp-json\/wp\/v2\/media?parent=54255"}],"wp:term":[{"taxonomy":"category","embeddable":true,"href":"https:\/\/blogdoedvaldomagalhaes.com.br\/index.php\/wp-json\/wp\/v2\/categories?post=54255"},{"taxonomy":"post_tag","embeddable":true,"href":"https:\/\/blogdoedvaldomagalhaes.com.br\/index.php\/wp-json\/wp\/v2\/tags?post=54255"}],"curies":[{"name":"wp","href":"https:\/\/api.w.org\/{rel}","templated":true}]}}