{"id":54240,"date":"2020-04-16T19:51:23","date_gmt":"2020-04-16T22:51:23","guid":{"rendered":"http:\/\/blogdoedvaldomagalhaes.com.br\/?p=54240"},"modified":"2020-04-16T20:14:38","modified_gmt":"2020-04-16T23:14:38","slug":"grades-de-isolamento-nas-pracas-de-caruaru-sao-colocadas-para-evitar-circulacao-de-pessoas","status":"publish","type":"post","link":"https:\/\/blogdoedvaldomagalhaes.com.br\/index.php\/2020\/04\/16\/grades-de-isolamento-nas-pracas-de-caruaru-sao-colocadas-para-evitar-circulacao-de-pessoas\/","title":{"rendered":"Grades de isolamento nas pra\u00e7as de Caruaru s\u00e3o colocadas para evitar circula\u00e7\u00e3o de pessoas"},"content":{"rendered":"<p style=\"text-align: justify;\"><span style=\"font-size: inherit;\">A Prefeitura de Caruaru, atrav\u00e9s da Secretaria de Servi\u00e7os P\u00fablicos, iniciou o cercamento das principais pra\u00e7as da cidade.<\/span><\/p>\n<p style=\"text-align: justify;\">A pra\u00e7a Chico Porto, no bairro Maur\u00edcio de Nassau, foi a primeira a receber as grades de isolamento que faz o cercamento de toda a \u00e1rea, evitando assim a circula\u00e7\u00e3o e aglomera\u00e7\u00e3o de pessoas.<\/p>\n<p style=\"text-align: justify;\">_&#8221;\u00c9 importante que a popula\u00e7\u00e3o entenda que neste momento o distanciamento social ainda \u00e9 a melhor forma e preven\u00e7\u00e3o ao Coronav\u00edrus. As aglomera\u00e7\u00f5es de pessoas aumentam o risco de contamina\u00e7\u00f5es e por isso o munic\u00edpio adotou este medida preventiva nas pra\u00e7as com maior movimento na cidade&#8221;_, ressaltou, Ytalo Farias, secret\u00e1rio de servi\u00e7os p\u00fablicos.<\/p>\n<p style=\"text-align: justify;\">Essa \u00e9 mais uma a\u00e7\u00e3o de preven\u00e7\u00e3o \u00e0 Covid-19 e segue a recomenda\u00e7\u00e3o dos principais \u00f3rg\u00e3os de sa\u00fade, a fim de garantir o distanciamento social e a aglomera\u00e7\u00e3o de pessoas neste per\u00edodo de pandemia.<\/p>\n\n\n<figure class=\"wp-block-image size-large\"><img loading=\"lazy\" decoding=\"async\" width=\"1024\" height=\"576\" src=\"http:\/\/blogdoedvaldomagalhaes.com.br\/wp-content\/uploads\/2020\/04\/IMG-20200416-WA0361-1024x576.jpg\" alt=\"\" class=\"wp-image-54243\" srcset=\"https:\/\/blogdoedvaldomagalhaes.com.br\/wp-content\/uploads\/2020\/04\/IMG-20200416-WA0361-1024x576.jpg 1024w, https:\/\/blogdoedvaldomagalhaes.com.br\/wp-content\/uploads\/2020\/04\/IMG-20200416-WA0361-300x169.jpg 300w, https:\/\/blogdoedvaldomagalhaes.com.br\/wp-content\/uploads\/2020\/04\/IMG-20200416-WA0361-768x432.jpg 768w, https:\/\/blogdoedvaldomagalhaes.com.br\/wp-content\/uploads\/2020\/04\/IMG-20200416-WA0361-1140x641.jpg 1140w, https:\/\/blogdoedvaldomagalhaes.com.br\/wp-content\/uploads\/2020\/04\/IMG-20200416-WA0361-720x405.jpg 720w, https:\/\/blogdoedvaldomagalhaes.com.br\/wp-content\/uploads\/2020\/04\/IMG-20200416-WA0361.jpg 1280w\" sizes=\"auto, (max-width: 1024px) 100vw, 1024px\" \/><\/figure>\n\n\n\n<figure class=\"wp-block-image size-large\"><img loading=\"lazy\" decoding=\"async\" width=\"1024\" height=\"768\" src=\"http:\/\/blogdoedvaldomagalhaes.com.br\/wp-content\/uploads\/2020\/04\/IMG-20200416-WA0374-1024x768.jpg\" alt=\"\" class=\"wp-image-54246\" srcset=\"https:\/\/blogdoedvaldomagalhaes.com.br\/wp-content\/uploads\/2020\/04\/IMG-20200416-WA0374-1024x768.jpg 1024w, https:\/\/blogdoedvaldomagalhaes.com.br\/wp-content\/uploads\/2020\/04\/IMG-20200416-WA0374-300x225.jpg 300w, https:\/\/blogdoedvaldomagalhaes.com.br\/wp-content\/uploads\/2020\/04\/IMG-20200416-WA0374-768x576.jpg 768w, https:\/\/blogdoedvaldomagalhaes.com.br\/wp-content\/uploads\/2020\/04\/IMG-20200416-WA0374-160x120.jpg 160w, https:\/\/blogdoedvaldomagalhaes.com.br\/wp-content\/uploads\/2020\/04\/IMG-20200416-WA0374.jpg 1280w\" sizes=\"auto, (max-width: 1024px) 100vw, 1024px\" \/><\/figure>\n\n\n\n<figure class=\"wp-block-image size-large\"><img loading=\"lazy\" decoding=\"async\" width=\"1024\" height=\"768\" src=\"http:\/\/blogdoedvaldomagalhaes.com.br\/wp-content\/uploads\/2020\/04\/IMG-20200416-WA0376-1024x768.jpg\" alt=\"\" class=\"wp-image-54248\" srcset=\"https:\/\/blogdoedvaldomagalhaes.com.br\/wp-content\/uploads\/2020\/04\/IMG-20200416-WA0376-1024x768.jpg 1024w, https:\/\/blogdoedvaldomagalhaes.com.br\/wp-content\/uploads\/2020\/04\/IMG-20200416-WA0376-300x225.jpg 300w, https:\/\/blogdoedvaldomagalhaes.com.br\/wp-content\/uploads\/2020\/04\/IMG-20200416-WA0376-768x576.jpg 768w, https:\/\/blogdoedvaldomagalhaes.com.br\/wp-content\/uploads\/2020\/04\/IMG-20200416-WA0376-160x120.jpg 160w, https:\/\/blogdoedvaldomagalhaes.com.br\/wp-content\/uploads\/2020\/04\/IMG-20200416-WA0376.jpg 1280w\" sizes=\"auto, (max-width: 1024px) 100vw, 1024px\" \/><\/figure>\n\n\n\n<figure class=\"wp-block-image size-large\"><img loading=\"lazy\" decoding=\"async\" width=\"1024\" height=\"768\" src=\"http:\/\/blogdoedvaldomagalhaes.com.br\/wp-content\/uploads\/2020\/04\/IMG-20200416-WA0373-1024x768.jpg\" alt=\"\" class=\"wp-image-54251\" srcset=\"https:\/\/blogdoedvaldomagalhaes.com.br\/wp-content\/uploads\/2020\/04\/IMG-20200416-WA0373-1024x768.jpg 1024w, https:\/\/blogdoedvaldomagalhaes.com.br\/wp-content\/uploads\/2020\/04\/IMG-20200416-WA0373-300x225.jpg 300w, https:\/\/blogdoedvaldomagalhaes.com.br\/wp-content\/uploads\/2020\/04\/IMG-20200416-WA0373-768x576.jpg 768w, https:\/\/blogdoedvaldomagalhaes.com.br\/wp-content\/uploads\/2020\/04\/IMG-20200416-WA0373-160x120.jpg 160w, https:\/\/blogdoedvaldomagalhaes.com.br\/wp-content\/uploads\/2020\/04\/IMG-20200416-WA0373.jpg 1280w\" sizes=\"auto, (max-width: 1024px) 100vw, 1024px\" \/><\/figure>\n\n\n\n<figure class=\"wp-block-image size-large\"><img loading=\"lazy\" decoding=\"async\" width=\"1024\" height=\"768\" src=\"http:\/\/blogdoedvaldomagalhaes.com.br\/wp-content\/uploads\/2020\/04\/IMG-20200416-WA0375-1024x768.jpg\" alt=\"\" class=\"wp-image-54253\" srcset=\"https:\/\/blogdoedvaldomagalhaes.com.br\/wp-content\/uploads\/2020\/04\/IMG-20200416-WA0375-1024x768.jpg 1024w, https:\/\/blogdoedvaldomagalhaes.com.br\/wp-content\/uploads\/2020\/04\/IMG-20200416-WA0375-300x225.jpg 300w, https:\/\/blogdoedvaldomagalhaes.com.br\/wp-content\/uploads\/2020\/04\/IMG-20200416-WA0375-768x576.jpg 768w, https:\/\/blogdoedvaldomagalhaes.com.br\/wp-content\/uploads\/2020\/04\/IMG-20200416-WA0375-160x120.jpg 160w, https:\/\/blogdoedvaldomagalhaes.com.br\/wp-content\/uploads\/2020\/04\/IMG-20200416-WA0375.jpg 1280w\" sizes=\"auto, (max-width: 1024px) 100vw, 1024px\" \/><\/figure>\n","protected":false},"excerpt":{"rendered":"<p>A Prefeitura de Caruaru, atrav\u00e9s da Secretaria de Servi\u00e7os P\u00fablicos, iniciou o cercamento das principais pra\u00e7as da cidade. A pra\u00e7a&hellip;<\/p>\n","protected":false},"author":1,"featured_media":54241,"comment_status":"open","ping_status":"open","sticky":false,"template":"","format":"standard","meta":{"footnotes":""},"categories":[14120],"tags":[2,16881,17840],"class_list":["post-54240","post","type-post","status-publish","format-standard","has-post-thumbnail","hentry","category-noticias","tag-blog-do-edvaldo-magalhaes","tag-caruaru-e-regiao","tag-grades-de-isolamento-nas-pracas-de-caruaru-sao-colocadas-para-evitar-circulacao-de-pessoas"],"_links":{"self":[{"href":"https:\/\/blogdoedvaldomagalhaes.com.br\/index.php\/wp-json\/wp\/v2\/posts\/54240","targetHints":{"allow":["GET"]}}],"collection":[{"href":"https:\/\/blogdoedvaldomagalhaes.com.br\/index.php\/wp-json\/wp\/v2\/posts"}],"about":[{"href":"https:\/\/blogdoedvaldomagalhaes.com.br\/index.php\/wp-json\/wp\/v2\/types\/post"}],"author":[{"embeddable":true,"href":"https:\/\/blogdoedvaldomagalhaes.com.br\/index.php\/wp-json\/wp\/v2\/users\/1"}],"replies":[{"embeddable":true,"href":"https:\/\/blogdoedvaldomagalhaes.com.br\/index.php\/wp-json\/wp\/v2\/comments?post=54240"}],"version-history":[{"count":6,"href":"https:\/\/blogdoedvaldomagalhaes.com.br\/index.php\/wp-json\/wp\/v2\/posts\/54240\/revisions"}],"predecessor-version":[{"id":54254,"href":"https:\/\/blogdoedvaldomagalhaes.com.br\/index.php\/wp-json\/wp\/v2\/posts\/54240\/revisions\/54254"}],"wp:featuredmedia":[{"embeddable":true,"href":"https:\/\/blogdoedvaldomagalhaes.com.br\/index.php\/wp-json\/wp\/v2\/media\/54241"}],"wp:attachment":[{"href":"https:\/\/blogdoedvaldomagalhaes.com.br\/index.php\/wp-json\/wp\/v2\/media?parent=54240"}],"wp:term":[{"taxonomy":"category","embeddable":true,"href":"https:\/\/blogdoedvaldomagalhaes.com.br\/index.php\/wp-json\/wp\/v2\/categories?post=54240"},{"taxonomy":"post_tag","embeddable":true,"href":"https:\/\/blogdoedvaldomagalhaes.com.br\/index.php\/wp-json\/wp\/v2\/tags?post=54240"}],"curies":[{"name":"wp","href":"https:\/\/api.w.org\/{rel}","templated":true}]}}