{"id":54236,"date":"2020-04-16T19:34:48","date_gmt":"2020-04-16T22:34:48","guid":{"rendered":"http:\/\/blogdoedvaldomagalhaes.com.br\/?p=54236"},"modified":"2020-04-16T19:34:52","modified_gmt":"2020-04-16T22:34:52","slug":"sobe-para-12-casos-confirmados-de-coronavirus-em-caruaru","status":"publish","type":"post","link":"https:\/\/blogdoedvaldomagalhaes.com.br\/index.php\/2020\/04\/16\/sobe-para-12-casos-confirmados-de-coronavirus-em-caruaru\/","title":{"rendered":"Sobe para 12 casos confirmados de coronav\u00edrus em Caruaru"},"content":{"rendered":"<p style=\"text-align: justify;\">Subiu para 12 o n\u00famero de casos confirmados do novo coronav\u00edrus em Caruaru, Agreste de Pernambuco. A Secretaria Municipal de Sa\u00fade anunciou nesta quinta-feira (16) mais tr\u00eas confirma\u00e7\u00f5es de Covid-19 na cidade.<\/p>\n<p style=\"text-align: justify;\">Segundo a Secretaria, as transmiss\u00f5es foram do tipo comunit\u00e1ria. Dois pacientes, de 28 e 57 anos, t\u00eam quadro de sa\u00fade est\u00e1vel e est\u00e3o em isolamento domiciliar. A outra v\u00edtima tem 77 anos e est\u00e1 na UTI.<\/p>\n<p style=\"text-align: justify;\">O munic\u00edpio tamb\u00e9m j\u00e1 registrou uma morte. Noventa e seis casos foram descartados e 64 est\u00e3o em investiga\u00e7\u00e3o. J\u00e1 o n\u00famero de casos de s\u00edndrome gripal subiu para 654 nas unidades de sa\u00fade.<\/p>\n","protected":false},"excerpt":{"rendered":"<p>Subiu para 12 o n\u00famero de casos confirmados do novo coronav\u00edrus em Caruaru, Agreste de Pernambuco. A Secretaria Municipal de&hellip;<\/p>\n","protected":false},"author":1,"featured_media":54237,"comment_status":"open","ping_status":"open","sticky":false,"template":"","format":"standard","meta":{"footnotes":""},"categories":[14120],"tags":[2,16881,17839],"class_list":["post-54236","post","type-post","status-publish","format-standard","has-post-thumbnail","hentry","category-noticias","tag-blog-do-edvaldo-magalhaes","tag-caruaru-e-regiao","tag-sobe-para-12-casos-confirmados-de-coronavirus-em-caruaru"],"_links":{"self":[{"href":"https:\/\/blogdoedvaldomagalhaes.com.br\/index.php\/wp-json\/wp\/v2\/posts\/54236","targetHints":{"allow":["GET"]}}],"collection":[{"href":"https:\/\/blogdoedvaldomagalhaes.com.br\/index.php\/wp-json\/wp\/v2\/posts"}],"about":[{"href":"https:\/\/blogdoedvaldomagalhaes.com.br\/index.php\/wp-json\/wp\/v2\/types\/post"}],"author":[{"embeddable":true,"href":"https:\/\/blogdoedvaldomagalhaes.com.br\/index.php\/wp-json\/wp\/v2\/users\/1"}],"replies":[{"embeddable":true,"href":"https:\/\/blogdoedvaldomagalhaes.com.br\/index.php\/wp-json\/wp\/v2\/comments?post=54236"}],"version-history":[{"count":1,"href":"https:\/\/blogdoedvaldomagalhaes.com.br\/index.php\/wp-json\/wp\/v2\/posts\/54236\/revisions"}],"predecessor-version":[{"id":54238,"href":"https:\/\/blogdoedvaldomagalhaes.com.br\/index.php\/wp-json\/wp\/v2\/posts\/54236\/revisions\/54238"}],"wp:featuredmedia":[{"embeddable":true,"href":"https:\/\/blogdoedvaldomagalhaes.com.br\/index.php\/wp-json\/wp\/v2\/media\/54237"}],"wp:attachment":[{"href":"https:\/\/blogdoedvaldomagalhaes.com.br\/index.php\/wp-json\/wp\/v2\/media?parent=54236"}],"wp:term":[{"taxonomy":"category","embeddable":true,"href":"https:\/\/blogdoedvaldomagalhaes.com.br\/index.php\/wp-json\/wp\/v2\/categories?post=54236"},{"taxonomy":"post_tag","embeddable":true,"href":"https:\/\/blogdoedvaldomagalhaes.com.br\/index.php\/wp-json\/wp\/v2\/tags?post=54236"}],"curies":[{"name":"wp","href":"https:\/\/api.w.org\/{rel}","templated":true}]}}