{"id":54230,"date":"2020-04-16T16:48:14","date_gmt":"2020-04-16T19:48:14","guid":{"rendered":"http:\/\/blogdoedvaldomagalhaes.com.br\/?p=54230"},"modified":"2020-04-16T16:57:56","modified_gmt":"2020-04-16T19:57:56","slug":"bolsonaro-demite-o-ministro-da-saude-mandetta","status":"publish","type":"post","link":"https:\/\/blogdoedvaldomagalhaes.com.br\/index.php\/2020\/04\/16\/bolsonaro-demite-o-ministro-da-saude-mandetta\/","title":{"rendered":"Bolsonaro demite o Ministro da Sa\u00fade Mandetta"},"content":{"rendered":"<div class=\"mc-column content-text active-extra-styles \" data-block-type=\"unstyled\" data-block-weight=\"33\" data-block-id=\"2\">\n<p class=\"content-text__container \" style=\"text-align: justify;\" data-track-category=\"Link no Texto\" data-track-links=\"\">Em meio \u00e0 pandemia do\u00a0<a href=\"https:\/\/g1.globo.com\/bemestar\/coronavirus\/\">novo coronav\u00edrus<\/a>, o presidente\u00a0<a href=\"https:\/\/g1.globo.com\/politica\/politico\/jair-bolsonaro\/\">Jair Bolsonaro\u00a0<\/a>demitiu nesta quinta-feira (16) o ministro da Sa\u00fade,\u00a0<a href=\"https:\/\/g1.globo.com\/politica\/politico\/luiz-henrique-mandetta\/\">Luiz Henrique Mandetta<\/a>.<\/p>\n<\/div>\n<div class=\"wall protected-content\">\n<div class=\"mc-column content-text active-extra-styles \" style=\"text-align: justify;\" data-block-type=\"unstyled\" data-block-weight=\"65\" data-block-id=\"3\">\n<p class=\"content-text__container \" data-track-category=\"Link no Texto\" data-track-links=\"\">\u201cAcabo de ouvir do presidente Jair Bolsonaro o aviso da minha demiss\u00e3o do Minist\u00e9rio da Sa\u00fade. Quero agradecer a oportunidade que me foi dada, de ser gerente do nosso SUS, de p\u00f4r de p\u00e9 o projeto de melhoria da sa\u00fade dos brasileiros e de planejar o enfrentamento da pandemia do coronav\u00edrus, o grande desafio que o nosso sistema de sa\u00fade est\u00e1 por enfrentar\u201d, escreveu Mandetta no Twitter.<\/p>\n<\/div>\n<div class=\"mc-column content-text active-extra-styles \" style=\"text-align: justify;\" data-block-type=\"unstyled\" data-block-weight=\"37\" data-block-id=\"4\">\n<p class=\"content-text__container \" data-track-category=\"Link no Texto\" data-track-links=\"\">\u201cAgrade\u00e7o a toda a equipe que esteve comigo no MS e desejo \u00eaxito ao meu sucessor no cargo de ministro da Sa\u00fade. Rogo a Deus e a Nossa Senhora Aparecida que aben\u00e7oem muito o nosso pa\u00eds\u201d, prosseguiu.<\/p>\n<\/div>\n<div class=\"mc-column content-text active-extra-styles \" style=\"text-align: justify;\" data-block-type=\"unstyled\" data-block-weight=\"28\" data-block-id=\"5\">\n<p class=\"content-text__container \" data-track-category=\"Link no Texto\" data-track-links=\"\">Ex-deputado federal, Mandetta estava \u00e0 frente da pasta\u00a0<a href=\"https:\/\/g1.globo.com\/politica\/noticia\/2019\/01\/01\/apos-receber-faixa-presidencial-bolsonaro-da-posse-a-22-ministros-no-palacio-do-planalto.ghtml\">desde o in\u00edcio do governo<\/a>, em janeiro de 2019, e ganhou maior visibilidade com a crise provocada pelo novo coronav\u00edrus.<\/p>\n<\/div>\n<div class=\"mc-column content-text active-extra-styles \" style=\"text-align: justify;\" data-block-type=\"unstyled\" data-block-weight=\"26\" data-block-id=\"6\">\n<p class=\"content-text__container \" data-track-category=\"Link no Texto\" data-track-links=\"\">Nas \u00faltimas semanas, contudo, Bolsonaro e Mandetta tiveram diverg\u00eancias p\u00fablicas em raz\u00e3o das estrat\u00e9gias para conter a velocidade do cont\u00e1gio da Covid-19, doen\u00e7a provocada pelo v\u00edrus.<\/p>\n<\/div>\n<div class=\"mc-column content-text active-extra-styles \" style=\"text-align: justify;\" data-block-type=\"unstyled\" data-block-weight=\"28\" data-block-id=\"7\">\n<p class=\"content-text__container \" data-track-category=\"Link no Texto\" data-track-links=\"\">Em\u00a0<a href=\"https:\/\/g1.globo.com\/bemestar\/coronavirus\/noticia\/2020\/04\/13\/brasileiro-nao-sabe-se-escuta-o-ministro-ou-o-presidente-diz-mandetta.ghtml\">entrevista ao Fant\u00e1stico<\/a>, no domingo (12), Mandetta disse que a popula\u00e7\u00e3o n\u00e3o sabe \u201cse escuta o presidente ou o ministro\u201d da Sa\u00fade em rela\u00e7\u00e3o a medidas.<\/p>\n<\/div>\n<div class=\"mc-column content-text active-extra-styles \" style=\"text-align: justify;\" data-block-type=\"unstyled\" data-block-weight=\"48\" data-block-id=\"8\">\n<p class=\"content-text__container \" data-track-category=\"Link no Texto\" data-track-links=\"\">Em coletiva nesta quarta (15), no Pal\u00e1cio do Planalto, o ent\u00e3o ministro da Sa\u00fade disse que era\u00a0<a href=\"https:\/\/g1.globo.com\/politica\/noticia\/2020\/04\/15\/sairemos-do-ministerio-juntos-afirma-mandetta-sobre-secretarios.ghtml\">claro o \u201cdescompasso\u201d<\/a>\u00a0entre a pasta e as orienta\u00e7\u00f5es do presidente Jair Bolsonaro. Segundo Mandetta, pessoas cotadas para a sucess\u00e3o no cargo chegaram a ligar para ele em busca de aconselhamento.<\/p>\n<\/div>\n<div class=\"mc-column content-text active-extra-styles \" data-block-type=\"unstyled\" data-block-weight=\"32\" data-block-id=\"9\">\n<p class=\"content-text__container \" style=\"text-align: justify;\" data-track-category=\"Link no Texto\" data-track-links=\"\">Na entrevista, o ministro tamb\u00e9m disse que a equipe montada por ele e empossada em 2019 trabalharia em conjunto, e\u00a0<a href=\"https:\/\/g1.globo.com\/politica\/noticia\/2020\/04\/15\/mandetta-reconhece-divergencia-com-bolsonaro-e-admite-sair-saiba-o-que-disse-o-ministro.ghtml\">ajudaria na transi\u00e7\u00e3o para evitar uma ruptura<\/a>\u00a0na pol\u00edtica contra a Covid-19.<\/p>\n<p style=\"text-align: justify;\" data-track-category=\"Link no Texto\" data-track-links=\"\">G1<\/p>\n<p data-track-category=\"Link no Texto\" data-track-links=\"\">Foto: Isac N\u00f3brega\/PR<\/p>\n<\/div>\n<\/div>\n","protected":false},"excerpt":{"rendered":"<p>Em meio \u00e0 pandemia do\u00a0novo coronav\u00edrus, o presidente\u00a0Jair Bolsonaro\u00a0demitiu nesta quinta-feira (16) o ministro da Sa\u00fade,\u00a0Luiz Henrique Mandetta. \u201cAcabo de&hellip;<\/p>\n","protected":false},"author":1,"featured_media":54231,"comment_status":"open","ping_status":"open","sticky":false,"template":"","format":"standard","meta":{"footnotes":""},"categories":[14122],"tags":[2,17838,16881],"class_list":["post-54230","post","type-post","status-publish","format-standard","has-post-thumbnail","hentry","category-politica","tag-blog-do-edvaldo-magalhaes","tag-bolsonaro-demite-o-ministro-da-saude-mandetta","tag-caruaru-e-regiao"],"_links":{"self":[{"href":"https:\/\/blogdoedvaldomagalhaes.com.br\/index.php\/wp-json\/wp\/v2\/posts\/54230","targetHints":{"allow":["GET"]}}],"collection":[{"href":"https:\/\/blogdoedvaldomagalhaes.com.br\/index.php\/wp-json\/wp\/v2\/posts"}],"about":[{"href":"https:\/\/blogdoedvaldomagalhaes.com.br\/index.php\/wp-json\/wp\/v2\/types\/post"}],"author":[{"embeddable":true,"href":"https:\/\/blogdoedvaldomagalhaes.com.br\/index.php\/wp-json\/wp\/v2\/users\/1"}],"replies":[{"embeddable":true,"href":"https:\/\/blogdoedvaldomagalhaes.com.br\/index.php\/wp-json\/wp\/v2\/comments?post=54230"}],"version-history":[{"count":4,"href":"https:\/\/blogdoedvaldomagalhaes.com.br\/index.php\/wp-json\/wp\/v2\/posts\/54230\/revisions"}],"predecessor-version":[{"id":54235,"href":"https:\/\/blogdoedvaldomagalhaes.com.br\/index.php\/wp-json\/wp\/v2\/posts\/54230\/revisions\/54235"}],"wp:featuredmedia":[{"embeddable":true,"href":"https:\/\/blogdoedvaldomagalhaes.com.br\/index.php\/wp-json\/wp\/v2\/media\/54231"}],"wp:attachment":[{"href":"https:\/\/blogdoedvaldomagalhaes.com.br\/index.php\/wp-json\/wp\/v2\/media?parent=54230"}],"wp:term":[{"taxonomy":"category","embeddable":true,"href":"https:\/\/blogdoedvaldomagalhaes.com.br\/index.php\/wp-json\/wp\/v2\/categories?post=54230"},{"taxonomy":"post_tag","embeddable":true,"href":"https:\/\/blogdoedvaldomagalhaes.com.br\/index.php\/wp-json\/wp\/v2\/tags?post=54230"}],"curies":[{"name":"wp","href":"https:\/\/api.w.org\/{rel}","templated":true}]}}