{"id":54227,"date":"2020-04-16T15:21:49","date_gmt":"2020-04-16T18:21:49","guid":{"rendered":"http:\/\/blogdoedvaldomagalhaes.com.br\/?p=54227"},"modified":"2020-04-16T15:21:52","modified_gmt":"2020-04-16T18:21:52","slug":"paciente-testa-positivo-para-covid-19-no-hra-em-caruaru","status":"publish","type":"post","link":"https:\/\/blogdoedvaldomagalhaes.com.br\/index.php\/2020\/04\/16\/paciente-testa-positivo-para-covid-19-no-hra-em-caruaru\/","title":{"rendered":"Paciente testa positivo para Covid-19 no HRA em Caruaru"},"content":{"rendered":"<p style=\"text-align: justify;\">A dire\u00e7\u00e3o do Hospital Regional do Agreste (HRA) informa que um homem, com 77 anos, deu entrada na UTI da unidade com doen\u00e7a renal e erisipela. Em 9 de abril, foi transferido para UTI e depois apresentou sintomas do Covid-19, tendo testado positivo. Desta forma, ele est\u00e1 recebendo todos os cuidados necess\u00e1rios at\u00e9 a sua transfer\u00eancia para o Hospital de Refer\u00eancia no tratamento do Covid-19, em Recife.<\/p>\n<p style=\"text-align: justify;\">Al\u00e9m disto, os profissionais da unidade j\u00e1 estavam orientados sobre os procedimentos de atendimento, seguran\u00e7a e higiene e seguiram todos os protocolos recomendados pelos \u00f3rg\u00e3os de sa\u00fade.<\/p>\n","protected":false},"excerpt":{"rendered":"<p>A dire\u00e7\u00e3o do Hospital Regional do Agreste (HRA) informa que um homem, com 77 anos, deu entrada na UTI da&hellip;<\/p>\n","protected":false},"author":1,"featured_media":54228,"comment_status":"open","ping_status":"open","sticky":false,"template":"","format":"standard","meta":{"footnotes":""},"categories":[14120],"tags":[17836],"class_list":["post-54227","post","type-post","status-publish","format-standard","has-post-thumbnail","hentry","category-noticias","tag-paciente-testa-positivo-para-covid-19-no-hra-em-caruaru"],"_links":{"self":[{"href":"https:\/\/blogdoedvaldomagalhaes.com.br\/index.php\/wp-json\/wp\/v2\/posts\/54227","targetHints":{"allow":["GET"]}}],"collection":[{"href":"https:\/\/blogdoedvaldomagalhaes.com.br\/index.php\/wp-json\/wp\/v2\/posts"}],"about":[{"href":"https:\/\/blogdoedvaldomagalhaes.com.br\/index.php\/wp-json\/wp\/v2\/types\/post"}],"author":[{"embeddable":true,"href":"https:\/\/blogdoedvaldomagalhaes.com.br\/index.php\/wp-json\/wp\/v2\/users\/1"}],"replies":[{"embeddable":true,"href":"https:\/\/blogdoedvaldomagalhaes.com.br\/index.php\/wp-json\/wp\/v2\/comments?post=54227"}],"version-history":[{"count":1,"href":"https:\/\/blogdoedvaldomagalhaes.com.br\/index.php\/wp-json\/wp\/v2\/posts\/54227\/revisions"}],"predecessor-version":[{"id":54229,"href":"https:\/\/blogdoedvaldomagalhaes.com.br\/index.php\/wp-json\/wp\/v2\/posts\/54227\/revisions\/54229"}],"wp:featuredmedia":[{"embeddable":true,"href":"https:\/\/blogdoedvaldomagalhaes.com.br\/index.php\/wp-json\/wp\/v2\/media\/54228"}],"wp:attachment":[{"href":"https:\/\/blogdoedvaldomagalhaes.com.br\/index.php\/wp-json\/wp\/v2\/media?parent=54227"}],"wp:term":[{"taxonomy":"category","embeddable":true,"href":"https:\/\/blogdoedvaldomagalhaes.com.br\/index.php\/wp-json\/wp\/v2\/categories?post=54227"},{"taxonomy":"post_tag","embeddable":true,"href":"https:\/\/blogdoedvaldomagalhaes.com.br\/index.php\/wp-json\/wp\/v2\/tags?post=54227"}],"curies":[{"name":"wp","href":"https:\/\/api.w.org\/{rel}","templated":true}]}}