{"id":54224,"date":"2020-04-16T14:50:27","date_gmt":"2020-04-16T17:50:27","guid":{"rendered":"http:\/\/blogdoedvaldomagalhaes.com.br\/?p=54224"},"modified":"2020-04-16T14:50:32","modified_gmt":"2020-04-16T17:50:32","slug":"prefeito-de-campina-grande-pretende-reabrir-o-comercio-e-governador-pb-e-contra","status":"publish","type":"post","link":"https:\/\/blogdoedvaldomagalhaes.com.br\/index.php\/2020\/04\/16\/prefeito-de-campina-grande-pretende-reabrir-o-comercio-e-governador-pb-e-contra\/","title":{"rendered":"Prefeito de Campina Grande pretende reabrir o com\u00e9rcio e Governador-PB \u00e9 contra"},"content":{"rendered":"<p style=\"text-align: justify;\">O prefeito de Campina Grande, Romero Rodrigues, informou que, por ora, vai acatar a\u00a0<a href=\"https:\/\/www.clickpb.com.br\/paraiba\/mpf-mpt-e-mppb-dao-24h-para-prefeito-responder-se-prorroga-medidas-de-restricao-ao-comercio-em-campina-grande-282247.html\">recomenda\u00e7\u00e3o dos minist\u00e9rios p\u00fablicos<\/a>\u00a0Federal (MPF), do Trabalho (MPT) e da Para\u00edba (MPPB) para n\u00e3o reabrir o com\u00e9rcio da cidade, embora n\u00e3o tenha desistido da ideia. Romero continua defendendo a reabertura do com\u00e9rcio, mas deve apresentar aos \u00f3rg\u00e3os uma proposta mais restritiva.<\/p>\n<p style=\"text-align: justify;\">Em entrevista \u00e0 TV Cabo Branco, nesta quinta-feira (16), o prefeito afirmou que dever\u00e1 apresentar um relat\u00f3rio t\u00e9cnico com as justificativas e o plano de a\u00e7\u00e3o para a reabertura do com\u00e9rcio nesta sexta-feira (17). Ele disse ainda que, se for necess\u00e1rio, est\u00e1 disposto a assinar um Termo de Ajustamento de Conduta (TAC).<\/p>\n<p style=\"text-align: justify;\">&#8221;N\u00f3s queremos manter a orienta\u00e7\u00e3o de abrir, a prefeitura entrando com plano de contingenciamento. A gente continua defendendo essa tese, mas vamos dialogar&#8221;, disse Romero.<\/p>\n<p style=\"text-align: justify;\">O governador da Para\u00edba, Jo\u00e3o Azev\u00eado criticou a determina\u00e7\u00e3o de reabertura do com\u00e9rcio em Campina Grande e disse que pode recorrer \u00e0 Justi\u00e7a para manter a suspens\u00e3o das atividades.<\/p>\n<p>Foto: Divulga\u00e7\u00e3o.<\/p>\n","protected":false},"excerpt":{"rendered":"<p>O prefeito de Campina Grande, Romero Rodrigues, informou que, por ora, vai acatar a\u00a0recomenda\u00e7\u00e3o dos minist\u00e9rios p\u00fablicos\u00a0Federal (MPF), do Trabalho&hellip;<\/p>\n","protected":false},"author":1,"featured_media":54225,"comment_status":"open","ping_status":"open","sticky":false,"template":"","format":"standard","meta":{"footnotes":""},"categories":[14122],"tags":[2,16881,17835],"class_list":["post-54224","post","type-post","status-publish","format-standard","has-post-thumbnail","hentry","category-politica","tag-blog-do-edvaldo-magalhaes","tag-caruaru-e-regiao","tag-prefeito-de-campina-grande-pretende-reabrir-o-comercio-e-governador-pb-e-contra"],"_links":{"self":[{"href":"https:\/\/blogdoedvaldomagalhaes.com.br\/index.php\/wp-json\/wp\/v2\/posts\/54224","targetHints":{"allow":["GET"]}}],"collection":[{"href":"https:\/\/blogdoedvaldomagalhaes.com.br\/index.php\/wp-json\/wp\/v2\/posts"}],"about":[{"href":"https:\/\/blogdoedvaldomagalhaes.com.br\/index.php\/wp-json\/wp\/v2\/types\/post"}],"author":[{"embeddable":true,"href":"https:\/\/blogdoedvaldomagalhaes.com.br\/index.php\/wp-json\/wp\/v2\/users\/1"}],"replies":[{"embeddable":true,"href":"https:\/\/blogdoedvaldomagalhaes.com.br\/index.php\/wp-json\/wp\/v2\/comments?post=54224"}],"version-history":[{"count":1,"href":"https:\/\/blogdoedvaldomagalhaes.com.br\/index.php\/wp-json\/wp\/v2\/posts\/54224\/revisions"}],"predecessor-version":[{"id":54226,"href":"https:\/\/blogdoedvaldomagalhaes.com.br\/index.php\/wp-json\/wp\/v2\/posts\/54224\/revisions\/54226"}],"wp:featuredmedia":[{"embeddable":true,"href":"https:\/\/blogdoedvaldomagalhaes.com.br\/index.php\/wp-json\/wp\/v2\/media\/54225"}],"wp:attachment":[{"href":"https:\/\/blogdoedvaldomagalhaes.com.br\/index.php\/wp-json\/wp\/v2\/media?parent=54224"}],"wp:term":[{"taxonomy":"category","embeddable":true,"href":"https:\/\/blogdoedvaldomagalhaes.com.br\/index.php\/wp-json\/wp\/v2\/categories?post=54224"},{"taxonomy":"post_tag","embeddable":true,"href":"https:\/\/blogdoedvaldomagalhaes.com.br\/index.php\/wp-json\/wp\/v2\/tags?post=54224"}],"curies":[{"name":"wp","href":"https:\/\/api.w.org\/{rel}","templated":true}]}}