{"id":54215,"date":"2020-04-15T22:19:00","date_gmt":"2020-04-16T01:19:00","guid":{"rendered":"http:\/\/blogdoedvaldomagalhaes.com.br\/?p=54215"},"modified":"2020-04-15T22:21:02","modified_gmt":"2020-04-16T01:21:02","slug":"confira-locais-e-dias-de-entrega-dos-kits-alimentares-em-caruaru","status":"publish","type":"post","link":"https:\/\/blogdoedvaldomagalhaes.com.br\/index.php\/2020\/04\/15\/confira-locais-e-dias-de-entrega-dos-kits-alimentares-em-caruaru\/","title":{"rendered":"Confira locais e dias de entrega dos kits alimentares em Caruaru"},"content":{"rendered":"<p style=\"text-align: justify;\"><span style=\"font-size: inherit;\">A Secretaria de Educa\u00e7\u00e3o de Caruaru informa que dar\u00e1 continuidade na distribui\u00e7\u00e3o dos kits alimentares para os alunos da rede municipal de ensino, a partir da pr\u00f3xima sexta-feira (17), com a entrega aos pais ou respons\u00e1veis dos estudantes dos Centros Municipais de Educa\u00e7\u00e3o Infantil (CMEI), durante manh\u00e3 e tarde, a partir das 9h. No domingo (19), ser\u00e1 a vez da Escola Padre Pedro Aguiar, no Residencial Alto do Moura, e Dom Bernardino Marchi\u00f3, no Residencial Luiz Bezerra Torres, no turno da manh\u00e3. A partir de segunda-feira (20), as demais escolas, conforme cronograma abaixo:.<\/span><\/p>\n<p style=\"text-align: justify;\">*Sexta-feira (17)* &#8211; Centros Municipais de Educa\u00e7\u00e3o Infantil (CMEIs)<\/p>\n<p style=\"text-align: justify;\">*Domingo (19)* &#8211; Escola Municipal Padre Pedro Aguiar \/ Escola Municipal Dom Bernardino Marchi\u00f3.<\/p>\n<p style=\"text-align: justify;\">*Segunda-feira (20)* &#8211; Todas as Escolas em Tempo Integral (ETIS), al\u00e9m da Professor Jos\u00e9 Flor\u00eancio Le\u00e3o \/ Professora Guiomar Lyra \/ Paulina Monteiro \/ Evang. Rev. Gen\u00e9sio Campos.<\/p>\n<p style=\"text-align: justify;\">*Ter\u00e7a-feira (21)* &#8211; Deputada Cristina Tavares \/ Professora Sinhazinha \/ Prof\u00aa Margarida Miranda \/ Duque de Caxias \/ Professora Gianete Silva \/ Joel Pontes.<\/p>\n<p style=\"text-align: justify;\">*Quarta-feira (22)* &#8211; Professor Luiz Pessoa da Silva \/ Prof\u00aa. Teresa Neuma Pereira Pedrosa \/ Reunidas Duque de Caxias \/ Prof. Kerm\u00f3genes Dias de Ara\u00fajo \/ Augusto Tabosa \/ Lions Club \/ Escolas Reunidas Casa do Trabalhador<\/p>\n<p style=\"text-align: justify;\">*Quinta-feira (23)* &#8211; Prof. Jos\u00e9 Laurentino Santos \/ Professora Laura Flor\u00eancio \/ Professor Amaro Matias \/ Nossa Senhora de F\u00e1tima \/ Prof\u00ba Jos\u00e9 Flor\u00eancio Neto (Machadinho) \/ Prof\u00aa Mariana de Lourdes Lima<\/p>\n<p style=\"text-align: justify;\">*Sexta-feira (24)* &#8211; Prof\u00aa. Jos\u00e9lia Flor\u00eancio da Silveira \/ Professor Leudo Valen\u00e7a \/ Escola Municipal Mestre Vitalino \/ Municipal Santos Anjos \/ Pedro de Souza<\/p>\n\n\n<figure class=\"wp-block-image size-large\"><img loading=\"lazy\" decoding=\"async\" width=\"1024\" height=\"682\" src=\"http:\/\/blogdoedvaldomagalhaes.com.br\/wp-content\/uploads\/2020\/04\/IMG-20200415-WA0215-1024x682.jpg\" alt=\"\" class=\"wp-image-54218\" srcset=\"https:\/\/blogdoedvaldomagalhaes.com.br\/wp-content\/uploads\/2020\/04\/IMG-20200415-WA0215-1024x682.jpg 1024w, https:\/\/blogdoedvaldomagalhaes.com.br\/wp-content\/uploads\/2020\/04\/IMG-20200415-WA0215-300x200.jpg 300w, https:\/\/blogdoedvaldomagalhaes.com.br\/wp-content\/uploads\/2020\/04\/IMG-20200415-WA0215-768x512.jpg 768w, https:\/\/blogdoedvaldomagalhaes.com.br\/wp-content\/uploads\/2020\/04\/IMG-20200415-WA0215.jpg 1280w\" sizes=\"auto, (max-width: 1024px) 100vw, 1024px\" \/><figcaption>Cr\u00e9ditos: Jana\u00edna Pepeu<\/figcaption><\/figure>\n","protected":false},"excerpt":{"rendered":"<p>A Secretaria de Educa\u00e7\u00e3o de Caruaru informa que dar\u00e1 continuidade na distribui\u00e7\u00e3o dos kits alimentares para os alunos da rede&hellip;<\/p>\n","protected":false},"author":1,"featured_media":54216,"comment_status":"open","ping_status":"open","sticky":false,"template":"","format":"standard","meta":{"footnotes":""},"categories":[14120],"tags":[2,16881,17833],"class_list":["post-54215","post","type-post","status-publish","format-standard","has-post-thumbnail","hentry","category-noticias","tag-blog-do-edvaldo-magalhaes","tag-caruaru-e-regiao","tag-confira-locais-e-dias-de-entrega-dos-kits-alimentares-em-caruaru"],"_links":{"self":[{"href":"https:\/\/blogdoedvaldomagalhaes.com.br\/index.php\/wp-json\/wp\/v2\/posts\/54215","targetHints":{"allow":["GET"]}}],"collection":[{"href":"https:\/\/blogdoedvaldomagalhaes.com.br\/index.php\/wp-json\/wp\/v2\/posts"}],"about":[{"href":"https:\/\/blogdoedvaldomagalhaes.com.br\/index.php\/wp-json\/wp\/v2\/types\/post"}],"author":[{"embeddable":true,"href":"https:\/\/blogdoedvaldomagalhaes.com.br\/index.php\/wp-json\/wp\/v2\/users\/1"}],"replies":[{"embeddable":true,"href":"https:\/\/blogdoedvaldomagalhaes.com.br\/index.php\/wp-json\/wp\/v2\/comments?post=54215"}],"version-history":[{"count":2,"href":"https:\/\/blogdoedvaldomagalhaes.com.br\/index.php\/wp-json\/wp\/v2\/posts\/54215\/revisions"}],"predecessor-version":[{"id":54219,"href":"https:\/\/blogdoedvaldomagalhaes.com.br\/index.php\/wp-json\/wp\/v2\/posts\/54215\/revisions\/54219"}],"wp:featuredmedia":[{"embeddable":true,"href":"https:\/\/blogdoedvaldomagalhaes.com.br\/index.php\/wp-json\/wp\/v2\/media\/54216"}],"wp:attachment":[{"href":"https:\/\/blogdoedvaldomagalhaes.com.br\/index.php\/wp-json\/wp\/v2\/media?parent=54215"}],"wp:term":[{"taxonomy":"category","embeddable":true,"href":"https:\/\/blogdoedvaldomagalhaes.com.br\/index.php\/wp-json\/wp\/v2\/categories?post=54215"},{"taxonomy":"post_tag","embeddable":true,"href":"https:\/\/blogdoedvaldomagalhaes.com.br\/index.php\/wp-json\/wp\/v2\/tags?post=54215"}],"curies":[{"name":"wp","href":"https:\/\/api.w.org\/{rel}","templated":true}]}}