{"id":54212,"date":"2020-04-15T21:03:18","date_gmt":"2020-04-16T00:03:18","guid":{"rendered":"http:\/\/blogdoedvaldomagalhaes.com.br\/?p=54212"},"modified":"2020-04-15T21:03:21","modified_gmt":"2020-04-16T00:03:21","slug":"comissao-da-alepe-aprova-projeto-que-amplia-inclusao-de-populacao-em-situacao-de-rua-no-mercado-de-trabalho","status":"publish","type":"post","link":"https:\/\/blogdoedvaldomagalhaes.com.br\/index.php\/2020\/04\/15\/comissao-da-alepe-aprova-projeto-que-amplia-inclusao-de-populacao-em-situacao-de-rua-no-mercado-de-trabalho\/","title":{"rendered":"Comiss\u00e3o da Alepe aprova projeto que amplia inclus\u00e3o de popula\u00e7\u00e3o em situa\u00e7\u00e3o de rua no mercado de trabalho"},"content":{"rendered":"<p style=\"text-align: justify;\">A Comiss\u00e3o de Administra\u00e7\u00e3o P\u00fablica da Assembleia Legislativa de Pernambuco aprovou o Projeto de Lei n\u00ba 784\/2019, de autoria do deputado estadual Delegado Erick Lessa. O projeto eleva de 2% para 5% o percentual de vagas que empresas terceirizadas contratadas pelo Estado devem reservar a jovens e adultos assistidos por programas sociais pernambucanos. A abrang\u00eancia da proposta \u00e9 para empresas com mais de 100 funcion\u00e1rios. A vota\u00e7\u00e3o ocorreu na reuni\u00e3o da Comiss\u00e3o, realizada por meio de chamada de v\u00eddeo, na manh\u00e3 desta quarta-feira, 15.<\/p>\n<p style=\"text-align: justify;\">Durante a reuni\u00e3o, o deputado Erick Lessa explicou que a proposta visa ampliar a inclus\u00e3o no mercado de trabalho de cidad\u00e3os em situa\u00e7\u00e3o de vulnerabilidade. \u201cEste projeto faz parte de um arcabou\u00e7o de propostas que apresentamos ap\u00f3s uma audi\u00eancia p\u00fablica realizada em outubro do ano passado, para encontrar solu\u00e7\u00f5es para a popula\u00e7\u00e3o em situa\u00e7\u00e3o de rua\u201d, relembrou.<\/p>\n<p style=\"text-align: justify;\">Na justificativa do projeto, o parlamentar esclarece que a norma busca promover autonomia aos cidad\u00e3os vulner\u00e1veis. \u201cEntendemos que, quanto mais oportunidade asseguramos a quem se encontra temporariamente em situa\u00e7\u00e3o de rua, estaremos dando a essas pessoas instrumento de promo\u00e7\u00e3o de autonomia e cidadania em seu sentido amplo, por compreendermos que cuidar do Estado \u00e9 cuidar de pessoas dentro de suas complexas realidades, permitindo redu\u00e7\u00e3o de desigualdades e a transi\u00e7\u00e3o da situa\u00e7\u00e3o para condi\u00e7\u00f5es dignas de moradia\u201d, registra.<\/p>\n<p style=\"text-align: justify;\">Lessa tamb\u00e9m foi autor da PEC que alterou a Constitui\u00e7\u00e3o de Pernambuco atrav\u00e9s da Emenda n\u00ba 51 para dar visibilidade \u00e0 popula\u00e7\u00e3o em situa\u00e7\u00e3o de rua, e de um PL que condiciona o recebimento de recursos do Fundo Estadual de Assist\u00eancia Social (FEAS) aos Munic\u00edpios que realizem levantamentos peri\u00f3dicos sobre a popula\u00e7\u00e3o em situa\u00e7\u00e3o de rua, de modo que os dados sirvam de subs\u00eddios para a implementa\u00e7\u00e3o de pol\u00edticas p\u00fablicas voltadas para essas pessoas.<\/p>\n<p style=\"text-align: justify;\">_Foto: Viliane Gomes_<\/p>\n","protected":false},"excerpt":{"rendered":"<p>A Comiss\u00e3o de Administra\u00e7\u00e3o P\u00fablica da Assembleia Legislativa de Pernambuco aprovou o Projeto de Lei n\u00ba 784\/2019, de autoria do&hellip;<\/p>\n","protected":false},"author":1,"featured_media":54213,"comment_status":"open","ping_status":"open","sticky":false,"template":"","format":"standard","meta":{"footnotes":""},"categories":[14122],"tags":[2,16881,17832],"class_list":["post-54212","post","type-post","status-publish","format-standard","has-post-thumbnail","hentry","category-politica","tag-blog-do-edvaldo-magalhaes","tag-caruaru-e-regiao","tag-comissao-da-alepe-aprova-projeto-que-amplia-inclusao-de-populacao-em-situacao-de-rua-no-mercado-de-trabalho"],"_links":{"self":[{"href":"https:\/\/blogdoedvaldomagalhaes.com.br\/index.php\/wp-json\/wp\/v2\/posts\/54212","targetHints":{"allow":["GET"]}}],"collection":[{"href":"https:\/\/blogdoedvaldomagalhaes.com.br\/index.php\/wp-json\/wp\/v2\/posts"}],"about":[{"href":"https:\/\/blogdoedvaldomagalhaes.com.br\/index.php\/wp-json\/wp\/v2\/types\/post"}],"author":[{"embeddable":true,"href":"https:\/\/blogdoedvaldomagalhaes.com.br\/index.php\/wp-json\/wp\/v2\/users\/1"}],"replies":[{"embeddable":true,"href":"https:\/\/blogdoedvaldomagalhaes.com.br\/index.php\/wp-json\/wp\/v2\/comments?post=54212"}],"version-history":[{"count":1,"href":"https:\/\/blogdoedvaldomagalhaes.com.br\/index.php\/wp-json\/wp\/v2\/posts\/54212\/revisions"}],"predecessor-version":[{"id":54214,"href":"https:\/\/blogdoedvaldomagalhaes.com.br\/index.php\/wp-json\/wp\/v2\/posts\/54212\/revisions\/54214"}],"wp:featuredmedia":[{"embeddable":true,"href":"https:\/\/blogdoedvaldomagalhaes.com.br\/index.php\/wp-json\/wp\/v2\/media\/54213"}],"wp:attachment":[{"href":"https:\/\/blogdoedvaldomagalhaes.com.br\/index.php\/wp-json\/wp\/v2\/media?parent=54212"}],"wp:term":[{"taxonomy":"category","embeddable":true,"href":"https:\/\/blogdoedvaldomagalhaes.com.br\/index.php\/wp-json\/wp\/v2\/categories?post=54212"},{"taxonomy":"post_tag","embeddable":true,"href":"https:\/\/blogdoedvaldomagalhaes.com.br\/index.php\/wp-json\/wp\/v2\/tags?post=54212"}],"curies":[{"name":"wp","href":"https:\/\/api.w.org\/{rel}","templated":true}]}}