{"id":54207,"date":"2020-04-15T20:02:08","date_gmt":"2020-04-15T23:02:08","guid":{"rendered":"http:\/\/blogdoedvaldomagalhaes.com.br\/?p=54207"},"modified":"2020-04-15T20:02:12","modified_gmt":"2020-04-15T23:02:12","slug":"mais-unidades-prisionais-de-pernambuco-se-engajam-no-enfrentamento-ao-covid-19","status":"publish","type":"post","link":"https:\/\/blogdoedvaldomagalhaes.com.br\/index.php\/2020\/04\/15\/mais-unidades-prisionais-de-pernambuco-se-engajam-no-enfrentamento-ao-covid-19\/","title":{"rendered":"Mais unidades prisionais de Pernambuco se engajam no enfrentamento ao Covid-19"},"content":{"rendered":"<p style=\"text-align: justify;\">Mais unidades prisionais de Pernambuco se engajam no enfrentamento \u00e0 pandemia do coronav\u00edrus. Com o apoio da Secretaria Executiva de Ressocializa\u00e7\u00e3o (Seres), os pres\u00eddios de Igarassu (PIG), na Regi\u00e3o Metropolitana (RMR); Santa Cruz do Capibaribe (PSCC), no Agreste; e de Salgueiro, no Sert\u00e3o pernambucano, est\u00e3o confeccionando equipamentos de prote\u00e7\u00e3o individuais (EPIs) para servidores do sistema prisional e de outras institui\u00e7\u00f5es. <br \/>Nesta ter\u00e7a (14), sete detentos do Pres\u00eddio de Santa Cruz do Capibaribe iniciaram a produ\u00e7\u00e3o di\u00e1ria de 200 batas descart\u00e1veis, em TNT, para serem utilizadas pelos profissionais do Real Hospital Portugu\u00eas. A parceria com a executiva tem como contrapartida a doa\u00e7\u00e3o da mat\u00e9ria-prima pelo hospital. \u201cVamos continuar ampliando as frentes de colabora\u00e7\u00e3o no combate ao novo coronav\u00edrus. A ideia \u00e9 que todas as unidades contribuam com a m\u00e3o de obra carcer\u00e1ria\u201d, explica o secret\u00e1rio de Justi\u00e7a e Direitos Humanos, Pedro Eurico.<\/p>\n<p style=\"text-align: justify;\">No Pres\u00eddio de Salgueiro (PSAL) dois reeducandos trabalham na sala da dire\u00e7\u00e3o, cedida temporariamente para as costuras, e fazem 40 unidades por dia. J\u00e1 no Pres\u00eddio de Igarassu (PIG), 16 detentos costuram 200 m\u00e1scaras todos os dias, sob orienta\u00e7\u00e3o do reeducando C.C.P. No PSAL e PIG o material utilizado \u00e9 o TNT, adquirido pela Seres, e os EPIs destinados aos servidores. Todos os presos t\u00eam direito \u00e0 remi\u00e7\u00e3o de pena na propor\u00e7\u00e3o de um dia a menos a cada tr\u00eas trabalhados. <br \/><br \/>BALAN\u00c7O- Com o PIG, PSAL e PSCC somam cinco os estabelecimentos penais envolvidos no projeto de produ\u00e7\u00e3o de EPIs. Na Penitenci\u00e1ria Doutor Edvaldo Gomes (PDEG), em Petrolina, no Sert\u00e3o; e na Col\u00f4nia Penal Feminina do Recife (CPFR), no Engenho do Meio, RMR, s\u00e3o 26 detentos trabalhando na confec\u00e7\u00e3o de quase mil m\u00e1scaras de prote\u00e7\u00e3o. Somente a PDEG j\u00e1 totalizou em torno de seis mil entregas a unidades de sa\u00fade do Vale do S\u00e3o Francisco.<\/p>\n<p style=\"text-align: justify;\">A Penitenci\u00e1ria Juiz Pl\u00e1cido de Souza, em Caruaru, entregou, durante o per\u00edodo em que produziu, 2.150 m\u00e1scaras protetoras em acetato a institui\u00e7\u00f5es de sa\u00fade do munic\u00edpio.<\/p>\n<p style=\"text-align: justify;\">Fotos: Divulga\u00e7\u00e3o\/Seres<\/p>\n\n\n<figure class=\"wp-block-image size-large\"><img loading=\"lazy\" decoding=\"async\" width=\"768\" height=\"1024\" src=\"http:\/\/blogdoedvaldomagalhaes.com.br\/wp-content\/uploads\/2020\/04\/IMG-20200415-WA0098-768x1024.jpg\" alt=\"\" class=\"wp-image-54209\" srcset=\"https:\/\/blogdoedvaldomagalhaes.com.br\/wp-content\/uploads\/2020\/04\/IMG-20200415-WA0098-768x1024.jpg 768w, https:\/\/blogdoedvaldomagalhaes.com.br\/wp-content\/uploads\/2020\/04\/IMG-20200415-WA0098-225x300.jpg 225w, https:\/\/blogdoedvaldomagalhaes.com.br\/wp-content\/uploads\/2020\/04\/IMG-20200415-WA0098.jpg 960w\" sizes=\"auto, (max-width: 768px) 100vw, 768px\" \/><\/figure>\n\n\n\n<figure class=\"wp-block-image size-large\"><img loading=\"lazy\" decoding=\"async\" width=\"1024\" height=\"576\" src=\"http:\/\/blogdoedvaldomagalhaes.com.br\/wp-content\/uploads\/2020\/04\/IMG-20200415-WA0097-1024x576.jpg\" alt=\"\" class=\"wp-image-54210\" srcset=\"https:\/\/blogdoedvaldomagalhaes.com.br\/wp-content\/uploads\/2020\/04\/IMG-20200415-WA0097-1024x576.jpg 1024w, https:\/\/blogdoedvaldomagalhaes.com.br\/wp-content\/uploads\/2020\/04\/IMG-20200415-WA0097-300x169.jpg 300w, https:\/\/blogdoedvaldomagalhaes.com.br\/wp-content\/uploads\/2020\/04\/IMG-20200415-WA0097-768x432.jpg 768w, https:\/\/blogdoedvaldomagalhaes.com.br\/wp-content\/uploads\/2020\/04\/IMG-20200415-WA0097-720x405.jpg 720w, https:\/\/blogdoedvaldomagalhaes.com.br\/wp-content\/uploads\/2020\/04\/IMG-20200415-WA0097.jpg 1032w\" sizes=\"auto, (max-width: 1024px) 100vw, 1024px\" \/><figcaption>Fotos: Divulga\u00e7\u00e3o\/Seres<\/figcaption><\/figure>\n","protected":false},"excerpt":{"rendered":"<p>Mais unidades prisionais de Pernambuco se engajam no enfrentamento \u00e0 pandemia do coronav\u00edrus. Com o apoio da Secretaria Executiva de&hellip;<\/p>\n","protected":false},"author":1,"featured_media":54208,"comment_status":"open","ping_status":"open","sticky":false,"template":"","format":"standard","meta":{"footnotes":""},"categories":[14120],"tags":[2,16881,17831],"class_list":["post-54207","post","type-post","status-publish","format-standard","has-post-thumbnail","hentry","category-noticias","tag-blog-do-edvaldo-magalhaes","tag-caruaru-e-regiao","tag-mais-unidades-prisionais-de-pernambuco-se-engajam-no-enfrentamento-ao-covid-19"],"_links":{"self":[{"href":"https:\/\/blogdoedvaldomagalhaes.com.br\/index.php\/wp-json\/wp\/v2\/posts\/54207","targetHints":{"allow":["GET"]}}],"collection":[{"href":"https:\/\/blogdoedvaldomagalhaes.com.br\/index.php\/wp-json\/wp\/v2\/posts"}],"about":[{"href":"https:\/\/blogdoedvaldomagalhaes.com.br\/index.php\/wp-json\/wp\/v2\/types\/post"}],"author":[{"embeddable":true,"href":"https:\/\/blogdoedvaldomagalhaes.com.br\/index.php\/wp-json\/wp\/v2\/users\/1"}],"replies":[{"embeddable":true,"href":"https:\/\/blogdoedvaldomagalhaes.com.br\/index.php\/wp-json\/wp\/v2\/comments?post=54207"}],"version-history":[{"count":1,"href":"https:\/\/blogdoedvaldomagalhaes.com.br\/index.php\/wp-json\/wp\/v2\/posts\/54207\/revisions"}],"predecessor-version":[{"id":54211,"href":"https:\/\/blogdoedvaldomagalhaes.com.br\/index.php\/wp-json\/wp\/v2\/posts\/54207\/revisions\/54211"}],"wp:featuredmedia":[{"embeddable":true,"href":"https:\/\/blogdoedvaldomagalhaes.com.br\/index.php\/wp-json\/wp\/v2\/media\/54208"}],"wp:attachment":[{"href":"https:\/\/blogdoedvaldomagalhaes.com.br\/index.php\/wp-json\/wp\/v2\/media?parent=54207"}],"wp:term":[{"taxonomy":"category","embeddable":true,"href":"https:\/\/blogdoedvaldomagalhaes.com.br\/index.php\/wp-json\/wp\/v2\/categories?post=54207"},{"taxonomy":"post_tag","embeddable":true,"href":"https:\/\/blogdoedvaldomagalhaes.com.br\/index.php\/wp-json\/wp\/v2\/tags?post=54207"}],"curies":[{"name":"wp","href":"https:\/\/api.w.org\/{rel}","templated":true}]}}