{"id":54204,"date":"2020-04-15T18:57:52","date_gmt":"2020-04-15T21:57:52","guid":{"rendered":"http:\/\/blogdoedvaldomagalhaes.com.br\/?p=54204"},"modified":"2020-04-15T18:57:57","modified_gmt":"2020-04-15T21:57:57","slug":"secretaria-de-saude-de-caruaru-informa-mais-um-caso-positivo-de-covid-19","status":"publish","type":"post","link":"https:\/\/blogdoedvaldomagalhaes.com.br\/index.php\/2020\/04\/15\/secretaria-de-saude-de-caruaru-informa-mais-um-caso-positivo-de-covid-19\/","title":{"rendered":"Secretaria de Sa\u00fade de Caruaru informa mais um caso positivo de Covid-19"},"content":{"rendered":"<p><span style=\"font-size: inherit;\">Nota Oficial<\/span><\/p>\n<p style=\"text-align: justify;\"><span style=\"font-size: inherit;\">A Secretaria de Sa\u00fade de Caruaru informa mais um caso positivo de Covid-19 na cidade. A transmiss\u00e3o foi comunit\u00e1ria e o paciente encontra-se em isolamento domiciliar.<\/span><\/p>\n<p style=\"text-align: justify;\">Caruaru conta, agora, com nove casos confirmados de Covid-19.<\/p>\n","protected":false},"excerpt":{"rendered":"<p>Nota Oficial A Secretaria de Sa\u00fade de Caruaru informa mais um caso positivo de Covid-19 na cidade. A transmiss\u00e3o foi&hellip;<\/p>\n","protected":false},"author":1,"featured_media":54205,"comment_status":"open","ping_status":"open","sticky":false,"template":"","format":"standard","meta":{"footnotes":""},"categories":[14120],"tags":[2,17830],"class_list":["post-54204","post","type-post","status-publish","format-standard","has-post-thumbnail","hentry","category-noticias","tag-blog-do-edvaldo-magalhaes","tag-secretaria-de-saude-de-caruaru-informa-mais-um-caso-positivo-de-covid-19"],"_links":{"self":[{"href":"https:\/\/blogdoedvaldomagalhaes.com.br\/index.php\/wp-json\/wp\/v2\/posts\/54204","targetHints":{"allow":["GET"]}}],"collection":[{"href":"https:\/\/blogdoedvaldomagalhaes.com.br\/index.php\/wp-json\/wp\/v2\/posts"}],"about":[{"href":"https:\/\/blogdoedvaldomagalhaes.com.br\/index.php\/wp-json\/wp\/v2\/types\/post"}],"author":[{"embeddable":true,"href":"https:\/\/blogdoedvaldomagalhaes.com.br\/index.php\/wp-json\/wp\/v2\/users\/1"}],"replies":[{"embeddable":true,"href":"https:\/\/blogdoedvaldomagalhaes.com.br\/index.php\/wp-json\/wp\/v2\/comments?post=54204"}],"version-history":[{"count":1,"href":"https:\/\/blogdoedvaldomagalhaes.com.br\/index.php\/wp-json\/wp\/v2\/posts\/54204\/revisions"}],"predecessor-version":[{"id":54206,"href":"https:\/\/blogdoedvaldomagalhaes.com.br\/index.php\/wp-json\/wp\/v2\/posts\/54204\/revisions\/54206"}],"wp:featuredmedia":[{"embeddable":true,"href":"https:\/\/blogdoedvaldomagalhaes.com.br\/index.php\/wp-json\/wp\/v2\/media\/54205"}],"wp:attachment":[{"href":"https:\/\/blogdoedvaldomagalhaes.com.br\/index.php\/wp-json\/wp\/v2\/media?parent=54204"}],"wp:term":[{"taxonomy":"category","embeddable":true,"href":"https:\/\/blogdoedvaldomagalhaes.com.br\/index.php\/wp-json\/wp\/v2\/categories?post=54204"},{"taxonomy":"post_tag","embeddable":true,"href":"https:\/\/blogdoedvaldomagalhaes.com.br\/index.php\/wp-json\/wp\/v2\/tags?post=54204"}],"curies":[{"name":"wp","href":"https:\/\/api.w.org\/{rel}","templated":true}]}}