{"id":54200,"date":"2020-04-15T18:09:19","date_gmt":"2020-04-15T21:09:19","guid":{"rendered":"http:\/\/blogdoedvaldomagalhaes.com.br\/?p=54200"},"modified":"2020-04-15T18:09:24","modified_gmt":"2020-04-15T21:09:24","slug":"construcao-civil-tem-70-das-suas-atividades-paralisadas-e-estima-prejuizo-de-r-6-bi-nos-proximos-dois-meses","status":"publish","type":"post","link":"https:\/\/blogdoedvaldomagalhaes.com.br\/index.php\/2020\/04\/15\/construcao-civil-tem-70-das-suas-atividades-paralisadas-e-estima-prejuizo-de-r-6-bi-nos-proximos-dois-meses\/","title":{"rendered":"Constru\u00e7\u00e3o Civil tem 70% das suas atividades paralisadas e estima preju\u00edzo de R$ 6 bi nos pr\u00f3ximos dois meses"},"content":{"rendered":"<p style=\"text-align: justify;\"><span style=\"font-size: inherit;\">O ano de 2019 representou um pequeno al\u00edvio para a constru\u00e7\u00e3o civil em Pernambuco. Ap\u00f3s cinco anos acumulando resultados negativos, o setor verificou um crescimento de 1,1% no seu PIB ano passado &#8211; o n\u00famero trouxe otimismo para os empres\u00e1rios do setor, que apostaram em um 2020 promissor. O sentimento, no entanto, durou pouco. Ao chegar a Pernambuco, a Covid-19 provocou, al\u00e9m dos impactos na sa\u00fade, a assinatura do Decreto 48.834, que paralisou 70% das atividades de constru\u00e7\u00e3o civil em andamento no Estado. Como consequ\u00eancia, desde 22 de mar\u00e7o, 40 mil trabalhadores est\u00e3o fora dos canteiros, o que deve causar, nas contas do Sindicato da Ind\u00fastria da Constru\u00e7\u00e3o Civil em Pernambuco (Sinduscon-PE), um preju\u00edzo de R$ 6 bilh\u00f5es em 2 meses.<\/span><\/p>\n<p style=\"text-align: justify;\">De acordo com o decreto estadual, as \u00fanicas atividades da constru\u00e7\u00e3o civil autorizadas a funcionar s\u00e3o as obras p\u00fablicas, as obras de empresas concession\u00e1rias de servi\u00e7os p\u00fablicos, atividades urgentes que precisem ser executadas para evitar risco grave ou de dif\u00edcil repara\u00e7\u00e3o e atividades decorrentes de contratos de obras particulares relacionadas \u00e0 Covid-19. \u201cOu seja, apenas 30% dos trabalhadores est\u00e3o atuando, de forma excepcional, mas nem essas obras est\u00e3o a pleno vapor. Estamos com dificuldades para conseguir os materiais, os trabalhadores est\u00e3o com medo e se atrasam ou faltam. O ritmo est\u00e1 menor em todas as obras\u201d, detalha o presidente do Sinduscon-PE, \u00c9rico Furtado.<\/p>\n<p style=\"text-align: justify;\">A expectativa \u00e9 que a situa\u00e7\u00e3o seja revertida nesta sexta-feira (17), data em que se encerra o prazo estabelecido pelo governador para a suspens\u00e3o das atividades. \u201cO que n\u00f3s precisamos \u00e9 que o Governo do Estado nos deixe trabalhar. Sabemos que a sa\u00fade do trabalhador precisa ser mantida e estamos tomando todas as medidas de preven\u00e7\u00e3o para garantir essa seguran\u00e7a. Orientamos e afastamos das obras todas as pessoas que est\u00e3o em grupos de risco e temos como conservar a sa\u00fade dos demais dentro dos nossos canteiros\u201d, refor\u00e7a \u00c9rico.<\/p>\n<p style=\"text-align: justify;\">A posi\u00e7\u00e3o de retorno \u00e0s atividades tamb\u00e9m \u00e9 defendida por Jos\u00e9 Ant\u00f4nio de Luca Simon, representante do Sinduscon junto \u00e0 Federa\u00e7\u00e3o das Ind\u00fastrias do Estado de Pernambuco (FIEPE), que destacou que determina\u00e7\u00f5es de paralisa\u00e7\u00f5es parciais em obras da constru\u00e7\u00e3o civil se repetem em apenas em outros tr\u00eas Estados do Pa\u00eds, al\u00e9m de Pernambuco: Goi\u00e1s, Piau\u00ed e Cear\u00e1. \u201cAo mesmo tempo que temos obras p\u00fablicas e terraplanagem funcionando, somos impedidos em outros segmentos, como a incorpora\u00e7\u00e3o. Precisamos de tratamento igualit\u00e1rio\u201d, justifica.<\/p>\n<p style=\"text-align: justify;\">*PERSPECTIVAS*<\/p>\n<p style=\"text-align: justify;\">Se o decreto n\u00e3o for revisto, o presidente do Sinduscon-PE acredita que medidas como a ades\u00e3o \u00e0 redu\u00e7\u00e3o de carga hor\u00e1ria ou \u00e0 suspens\u00e3o de contratos, elencadas na MP n\u00ba 927, poder\u00e3o ser tomadas para evitar demiss\u00f5es do setor &#8211; embora estas n\u00e3o estejam descartadas. \u201cExistem relatos de demiss\u00f5es, mas n\u00e3o est\u00e3o sendo contabilizadas porque o Governo Federal parou de divulgar os dados. O que ocorre \u00e9 que muitos empres\u00e1rios n\u00e3o gostam das inseguran\u00e7as jur\u00eddicas causadas pelas medidas provis\u00f3rias, uma vez que o Congresso Nacional pode alterar o texto. Entendemos que o momento \u00e9 de crise, mas, para super\u00e1-la, precisamos de pondera\u00e7\u00e3o\u201d, defende \u00c9rico Furtado.<\/p>\n<p style=\"text-align: justify;\">Para ele, a solu\u00e7\u00e3o de retomar o andamento das obras n\u00e3o s\u00f3 pode garantir a manuten\u00e7\u00e3o dos empregos como pode amenizar os efeitos causados pela paralisa\u00e7\u00e3o das atividades. \u201cO ritmo n\u00e3o ir\u00e1 voltar ao normal, porque o pr\u00f3prio consumo est\u00e1 prejudicado. Mas poderemos retomar nossos contratos, que t\u00eam prazo de entrega, e os nossos clientes ficar\u00e3o mais animados. Esper\u00e1vamos que o setor de constru\u00e7\u00e3o representasse 2% do PIB de Pernambuco neste ano. Isso n\u00e3o vai mais acontecer. O retorno ir\u00e1 amenizar as perdas, mas, particularmente, s\u00f3 acredito em recupera\u00e7\u00e3o a partir do fim do ano que vem\u201d, lamenta.<\/p>\n<p style=\"text-align: justify;\">*PREVEN\u00c7\u00c3O*<\/p>\n<p style=\"text-align: justify;\">Para garantir que as obras possam retornar \u00e0 normalidade sem se afastar das orienta\u00e7\u00f5es preconizadas para evitar a dissemina\u00e7\u00e3o do novo coronav\u00edrus, o Sinduscon-PE e a Associa\u00e7\u00e3o das Empresas do Mercado Imobili\u00e1rio de Pernambuco (Ademi-PE) lan\u00e7aram uma cartilha com orienta\u00e7\u00f5es para os empres\u00e1rios. \u201cEstamos nos precavendo e fazendo nossa parte, mas um dos maiores gargalos que enfrentamos hoje \u00e9 o transporte p\u00fablico. O sistema metrovi\u00e1rio do Recife \u00e9 \u00ednfimo, o que acaba causando aglomera\u00e7\u00f5es dentro dos \u00f4nibus. Isso prejudica\u201d, aponta o presidente do Sinduscon-PE. O documento est\u00e1 dispon\u00edvel no Facebook @sindusconpernambuco.<\/p>\n\n\n<figure class=\"wp-block-image size-large\"><img loading=\"lazy\" decoding=\"async\" width=\"1024\" height=\"682\" src=\"http:\/\/blogdoedvaldomagalhaes.com.br\/wp-content\/uploads\/2020\/04\/IMG-20200415-WA0113-1024x682.jpg\" alt=\"\" class=\"wp-image-54202\" srcset=\"https:\/\/blogdoedvaldomagalhaes.com.br\/wp-content\/uploads\/2020\/04\/IMG-20200415-WA0113-1024x682.jpg 1024w, https:\/\/blogdoedvaldomagalhaes.com.br\/wp-content\/uploads\/2020\/04\/IMG-20200415-WA0113-300x200.jpg 300w, https:\/\/blogdoedvaldomagalhaes.com.br\/wp-content\/uploads\/2020\/04\/IMG-20200415-WA0113-768x512.jpg 768w, https:\/\/blogdoedvaldomagalhaes.com.br\/wp-content\/uploads\/2020\/04\/IMG-20200415-WA0113.jpg 1280w\" sizes=\"auto, (max-width: 1024px) 100vw, 1024px\" \/><\/figure>\n","protected":false},"excerpt":{"rendered":"<p>O ano de 2019 representou um pequeno al\u00edvio para a constru\u00e7\u00e3o civil em Pernambuco. Ap\u00f3s cinco anos acumulando resultados negativos,&hellip;<\/p>\n","protected":false},"author":1,"featured_media":54201,"comment_status":"open","ping_status":"open","sticky":false,"template":"","format":"standard","meta":{"footnotes":""},"categories":[14120],"tags":[2,16881,17829],"class_list":["post-54200","post","type-post","status-publish","format-standard","has-post-thumbnail","hentry","category-noticias","tag-blog-do-edvaldo-magalhaes","tag-caruaru-e-regiao","tag-construcao-civil-tem-70-das-suas-atividades-paralisadas-e-estima-prejuizo-de-r-6-bi-nos-proximos-dois-meses"],"_links":{"self":[{"href":"https:\/\/blogdoedvaldomagalhaes.com.br\/index.php\/wp-json\/wp\/v2\/posts\/54200","targetHints":{"allow":["GET"]}}],"collection":[{"href":"https:\/\/blogdoedvaldomagalhaes.com.br\/index.php\/wp-json\/wp\/v2\/posts"}],"about":[{"href":"https:\/\/blogdoedvaldomagalhaes.com.br\/index.php\/wp-json\/wp\/v2\/types\/post"}],"author":[{"embeddable":true,"href":"https:\/\/blogdoedvaldomagalhaes.com.br\/index.php\/wp-json\/wp\/v2\/users\/1"}],"replies":[{"embeddable":true,"href":"https:\/\/blogdoedvaldomagalhaes.com.br\/index.php\/wp-json\/wp\/v2\/comments?post=54200"}],"version-history":[{"count":1,"href":"https:\/\/blogdoedvaldomagalhaes.com.br\/index.php\/wp-json\/wp\/v2\/posts\/54200\/revisions"}],"predecessor-version":[{"id":54203,"href":"https:\/\/blogdoedvaldomagalhaes.com.br\/index.php\/wp-json\/wp\/v2\/posts\/54200\/revisions\/54203"}],"wp:featuredmedia":[{"embeddable":true,"href":"https:\/\/blogdoedvaldomagalhaes.com.br\/index.php\/wp-json\/wp\/v2\/media\/54201"}],"wp:attachment":[{"href":"https:\/\/blogdoedvaldomagalhaes.com.br\/index.php\/wp-json\/wp\/v2\/media?parent=54200"}],"wp:term":[{"taxonomy":"category","embeddable":true,"href":"https:\/\/blogdoedvaldomagalhaes.com.br\/index.php\/wp-json\/wp\/v2\/categories?post=54200"},{"taxonomy":"post_tag","embeddable":true,"href":"https:\/\/blogdoedvaldomagalhaes.com.br\/index.php\/wp-json\/wp\/v2\/tags?post=54200"}],"curies":[{"name":"wp","href":"https:\/\/api.w.org\/{rel}","templated":true}]}}