{"id":54189,"date":"2020-04-15T13:14:23","date_gmt":"2020-04-15T16:14:23","guid":{"rendered":"http:\/\/blogdoedvaldomagalhaes.com.br\/?p=54189"},"modified":"2020-04-15T13:37:09","modified_gmt":"2020-04-15T16:37:09","slug":"pernambuco-confirma-200-novos-casos-e-mais-28-obitos-por-covid-19","status":"publish","type":"post","link":"https:\/\/blogdoedvaldomagalhaes.com.br\/index.php\/2020\/04\/15\/pernambuco-confirma-200-novos-casos-e-mais-28-obitos-por-covid-19\/","title":{"rendered":"Pernambuco confirma 200 novos casos e mais 28 \u00f3bitos por Covid-19"},"content":{"rendered":"<p style=\"text-align: justify;\">Pernambuco confirmou, nesta quarta-feira (15\/04), mais 200 casos do Novo Coronav\u00edrus, totalizando 1.484 confirma\u00e7\u00f5es at\u00e9 agora. No informe da Secretaria Estadual de Sa\u00fade de Pernambuco (SES-PE), tamb\u00e9m foram anunciados mais 28 \u00f3bitos, que ocorreram entre os dias 8 e 14 de abril, sendo 17 homens e 11 mulheres com idades entre 18 e 94 anos.<\/p>\n<p style=\"text-align: justify;\">Ao todo, 143 pacientes faleceram da Covid-19 no Estado. Al\u00e9m disso, 69 pessoas j\u00e1 se recuperaram da doen\u00e7a. O boletim completo, com os detalhes epidemiol\u00f3gicos, ser\u00e1 divulgado ainda hoje.<\/p>\n","protected":false},"excerpt":{"rendered":"<p>Pernambuco confirmou, nesta quarta-feira (15\/04), mais 200 casos do Novo Coronav\u00edrus, totalizando 1.484 confirma\u00e7\u00f5es at\u00e9 agora. No informe da Secretaria&hellip;<\/p>\n","protected":false},"author":1,"featured_media":54190,"comment_status":"open","ping_status":"open","sticky":false,"template":"","format":"standard","meta":{"footnotes":""},"categories":[14120],"tags":[2,16881,17827],"class_list":["post-54189","post","type-post","status-publish","format-standard","has-post-thumbnail","hentry","category-noticias","tag-blog-do-edvaldo-magalhaes","tag-caruaru-e-regiao","tag-pernambuco-confirma-200-novos-casos-e-mais-28-obitos-por-covid-19"],"_links":{"self":[{"href":"https:\/\/blogdoedvaldomagalhaes.com.br\/index.php\/wp-json\/wp\/v2\/posts\/54189","targetHints":{"allow":["GET"]}}],"collection":[{"href":"https:\/\/blogdoedvaldomagalhaes.com.br\/index.php\/wp-json\/wp\/v2\/posts"}],"about":[{"href":"https:\/\/blogdoedvaldomagalhaes.com.br\/index.php\/wp-json\/wp\/v2\/types\/post"}],"author":[{"embeddable":true,"href":"https:\/\/blogdoedvaldomagalhaes.com.br\/index.php\/wp-json\/wp\/v2\/users\/1"}],"replies":[{"embeddable":true,"href":"https:\/\/blogdoedvaldomagalhaes.com.br\/index.php\/wp-json\/wp\/v2\/comments?post=54189"}],"version-history":[{"count":1,"href":"https:\/\/blogdoedvaldomagalhaes.com.br\/index.php\/wp-json\/wp\/v2\/posts\/54189\/revisions"}],"predecessor-version":[{"id":54191,"href":"https:\/\/blogdoedvaldomagalhaes.com.br\/index.php\/wp-json\/wp\/v2\/posts\/54189\/revisions\/54191"}],"wp:featuredmedia":[{"embeddable":true,"href":"https:\/\/blogdoedvaldomagalhaes.com.br\/index.php\/wp-json\/wp\/v2\/media\/54190"}],"wp:attachment":[{"href":"https:\/\/blogdoedvaldomagalhaes.com.br\/index.php\/wp-json\/wp\/v2\/media?parent=54189"}],"wp:term":[{"taxonomy":"category","embeddable":true,"href":"https:\/\/blogdoedvaldomagalhaes.com.br\/index.php\/wp-json\/wp\/v2\/categories?post=54189"},{"taxonomy":"post_tag","embeddable":true,"href":"https:\/\/blogdoedvaldomagalhaes.com.br\/index.php\/wp-json\/wp\/v2\/tags?post=54189"}],"curies":[{"name":"wp","href":"https:\/\/api.w.org\/{rel}","templated":true}]}}